{"id":14303,"date":"2015-06-21T15:12:00","date_gmt":"2015-06-21T14:12:00","guid":{"rendered":"http:\/\/www.charles-de-flahaut.fr\/wordpress\/?p=14303"},"modified":"2025-04-06T10:35:40","modified_gmt":"2025-04-06T09:35:40","slug":"presentation-et-histoire-de-plan-isere","status":"publish","type":"post","link":"https:\/\/www.charles-de-flahaut.fr\/wordpress\/presentation-et-histoire-de-plan-isere\/","title":{"rendered":"Pr\u00e9sentation et Histoire de Plan (Is\u00e8re)"},"content":{"rendered":"<p><strong>Pr\u00e9sentation et Histoire de Plan (Is\u00e8re)<\/strong><br \/>\n<a href=\"http:\/\/www.mairie-plan.fr\/la-commune-1\/\" target=\"_blank\" rel=\"noopener\">http:\/\/www.mairie-plan.fr\/la-commune-1\/<\/a><\/p>\n<p><em><a href=\"http:\/\/www.charles-de-flahaut.fr\/wordpress\/wp-content\/uploads\/2015\/06\/plan38.jpg\"><img loading=\"lazy\" decoding=\"async\" class=\"alignleft size-full wp-image-14305\" src=\"http:\/\/www.charles-de-flahaut.fr\/wordpress\/wp-content\/uploads\/2015\/06\/plan38.jpg\" alt=\"plan38\" width=\"246\" height=\"184\" \/><\/a>un nouveau site r\u00e9f\u00e9renc\u00e9 sur <a href=\"http:\/\/www.histoire-communes.jpflahaut.fr\/\" target=\"_blank\" rel=\"noopener\">Histoire et patrimoine des villes et villages de France<\/a><\/em><\/p>\n<p style=\"text-align: justify;\">A l&rsquo;\u00e9poque m\u00e9di\u00e9vale, \u00ab\u00a0Planis\u00a0\u00bb et \u00ab\u00a0Notre dame de Plan\u00a0\u00bb sont les noms \u00e9voqu\u00e9s pour l\u2019appellation du bourg qui \u00e9tait\u00a0 ind\u00e9pendant sur le plan religieux mais faisait partie du mandement de Saint Etienne de\u00a0 Saint Geoirs&#8230; (extrait du site web officiel de la commune)<\/p>\n<p style=\"text-align: center;\"><a href=\"https:\/\/amzn.to\/41UGLOK\" target=\"_blank\" rel=\"noopener\"><strong>Ouvrages sur l&rsquo;Is\u00e8re<\/strong><\/a><\/p>\n<p><a href=\"https:\/\/amzn.to\/41UGLOK\" target=\"_blank\" rel=\"noopener\"><img loading=\"lazy\" decoding=\"async\" class=\"aligncenter size-full wp-image-102480\" src=\"https:\/\/www.charles-de-flahaut.fr\/wordpress\/wp-content\/uploads\/2015\/11\/isere7.jpg\" alt=\"\" width=\"279\" height=\"445\" srcset=\"https:\/\/www.charles-de-flahaut.fr\/wordpress\/wp-content\/uploads\/2015\/11\/isere7.jpg 279w, https:\/\/www.charles-de-flahaut.fr\/wordpress\/wp-content\/uploads\/2015\/11\/isere7-188x300.jpg 188w\" sizes=\"auto, (max-width: 279px) 100vw, 279px\" \/><\/a><\/p>\n","protected":false},"excerpt":{"rendered":"<p>Pr\u00e9sentation et Histoire de Plan (Is\u00e8re) http:\/\/www.mairie-plan.fr\/la-commune-1\/ un nouveau site r\u00e9f\u00e9renc\u00e9 sur Histoire et patrimoine des villes et villages de France A l&rsquo;\u00e9poque m\u00e9di\u00e9vale, \u00ab\u00a0Planis\u00a0\u00bb et \u00ab\u00a0Notre dame de Plan\u00a0\u00bb sont les noms \u00e9voqu\u00e9s pour l\u2019appellation du bourg qui \u00e9tait\u00a0 ind\u00e9pendant sur le plan religieux mais faisait partie du mandement de Saint Etienne de\u00a0 Saint &hellip; <\/p>\n<p><a class=\"more-link btn\" href=\"https:\/\/www.charles-de-flahaut.fr\/wordpress\/presentation-et-histoire-de-plan-isere\/\">Lire la suite<\/a><\/p>\n","protected":false},"author":117,"featured_media":0,"comment_status":"open","ping_status":"open","sticky":false,"template":"","format":"standard","meta":{"footnotes":""},"categories":[126,16],"tags":[],"class_list":["post-14303","post","type-post","status-publish","format-standard","hentry","category-38-isere","category-histoire-regionale","item-wrap"],"yoast_head":"<!-- This site is optimized with the Yoast SEO plugin v27.4 - https:\/\/yoast.com\/product\/yoast-seo-wordpress\/ -->\n<title>Pr\u00e9sentation et Histoire de Plan (Is\u00e8re) - Histoire de France - Communiqu\u00e9s<\/title>\n<meta name=\"description\" content=\"A l&#039;\u00e9poque m\u00e9di\u00e9vale, &quot;Planis&quot; et &quot;Notre dame de Plan&quot; sont les noms \u00e9voqu\u00e9s pour l\u2019appellation du bourg qui \u00e9tait\u00a0 ind\u00e9pendant\" \/>\n<meta name=\"robots\" content=\"index, follow, max-snippet:-1, max-image-preview:large, max-video-preview:-1\" \/>\n<link rel=\"canonical\" href=\"https:\/\/www.charles-de-flahaut.fr\/wordpress\/presentation-et-histoire-de-plan-isere\/\" \/>\n<meta property=\"og:locale\" content=\"fr_FR\" \/>\n<meta property=\"og:type\" content=\"article\" \/>\n<meta property=\"og:title\" content=\"Pr\u00e9sentation et Histoire de Plan (Is\u00e8re) - Histoire de France - Communiqu\u00e9s\" \/>\n<meta property=\"og:description\" content=\"A l&#039;\u00e9poque m\u00e9di\u00e9vale, &quot;Planis&quot; et &quot;Notre dame de Plan&quot; sont les noms \u00e9voqu\u00e9s pour l\u2019appellation du bourg qui \u00e9tait\u00a0 ind\u00e9pendant\" \/>\n<meta property=\"og:url\" content=\"https:\/\/www.charles-de-flahaut.fr\/wordpress\/presentation-et-histoire-de-plan-isere\/\" \/>\n<meta property=\"og:site_name\" content=\"Histoire de France - Communiqu\u00e9s\" \/>\n<meta property=\"article:publisher\" content=\"https:\/\/www.facebook.com\/Sites.HistoiredeFrance\" \/>\n<meta property=\"article:published_time\" content=\"2015-06-21T14:12:00+00:00\" \/>\n<meta property=\"article:modified_time\" content=\"2025-04-06T09:35:40+00:00\" \/>\n<meta property=\"og:image\" content=\"https:\/\/www.charles-de-flahaut.fr\/wordpress\/wp-content\/uploads\/2015\/06\/plan38.jpg\" \/>\n\t<meta property=\"og:image:width\" content=\"246\" \/>\n\t<meta property=\"og:image:height\" content=\"184\" \/>\n\t<meta property=\"og:image:type\" content=\"image\/jpeg\" \/>\n<meta name=\"author\" content=\"administrateur\" \/>\n<meta name=\"twitter:card\" content=\"summary_large_image\" \/>\n<meta name=\"twitter:label1\" content=\"\u00c9crit par\" \/>\n\t<meta name=\"twitter:data1\" content=\"administrateur\" \/>\n\t<meta name=\"twitter:label2\" content=\"Dur\u00e9e de lecture estim\u00e9e\" \/>\n\t<meta name=\"twitter:data2\" content=\"1 minute\" \/>\n<script type=\"application\/ld+json\" class=\"yoast-schema-graph\">{\"@context\":\"https:\\\/\\\/schema.org\",\"@graph\":[{\"@type\":\"Article\",\"@id\":\"https:\\\/\\\/www.charles-de-flahaut.fr\\\/wordpress\\\/presentation-et-histoire-de-plan-isere\\\/#article\",\"isPartOf\":{\"@id\":\"https:\\\/\\\/www.charles-de-flahaut.fr\\\/wordpress\\\/presentation-et-histoire-de-plan-isere\\\/\"},\"author\":{\"name\":\"administrateur\",\"@id\":\"https:\\\/\\\/www.charles-de-flahaut.fr\\\/wordpress\\\/#\\\/schema\\\/person\\\/41c41eaf9ae1d70810ff74a04a786c56\"},\"headline\":\"Pr\u00e9sentation et Histoire de Plan (Is\u00e8re)\",\"datePublished\":\"2015-06-21T14:12:00+00:00\",\"dateModified\":\"2025-04-06T09:35:40+00:00\",\"mainEntityOfPage\":{\"@id\":\"https:\\\/\\\/www.charles-de-flahaut.fr\\\/wordpress\\\/presentation-et-histoire-de-plan-isere\\\/\"},\"wordCount\":91,\"commentCount\":0,\"publisher\":{\"@id\":\"https:\\\/\\\/www.charles-de-flahaut.fr\\\/wordpress\\\/#\\\/schema\\\/person\\\/81011c8b61bc74c05499365a506d49a9\"},\"image\":{\"@id\":\"https:\\\/\\\/www.charles-de-flahaut.fr\\\/wordpress\\\/presentation-et-histoire-de-plan-isere\\\/#primaryimage\"},\"thumbnailUrl\":\"http:\\\/\\\/www.charles-de-flahaut.fr\\\/wordpress\\\/wp-content\\\/uploads\\\/2015\\\/06\\\/plan38.jpg\",\"articleSection\":[\"38 - Is\u00e8re\",\"histoire locale\"],\"inLanguage\":\"fr-FR\",\"potentialAction\":[{\"@type\":\"CommentAction\",\"name\":\"Comment\",\"target\":[\"https:\\\/\\\/www.charles-de-flahaut.fr\\\/wordpress\\\/presentation-et-histoire-de-plan-isere\\\/#respond\"]}]},{\"@type\":\"WebPage\",\"@id\":\"https:\\\/\\\/www.charles-de-flahaut.fr\\\/wordpress\\\/presentation-et-histoire-de-plan-isere\\\/\",\"url\":\"https:\\\/\\\/www.charles-de-flahaut.fr\\\/wordpress\\\/presentation-et-histoire-de-plan-isere\\\/\",\"name\":\"Pr\u00e9sentation et Histoire de Plan (Is\u00e8re) - Histoire de France - Communiqu\u00e9s\",\"isPartOf\":{\"@id\":\"https:\\\/\\\/www.charles-de-flahaut.fr\\\/wordpress\\\/#website\"},\"primaryImageOfPage\":{\"@id\":\"https:\\\/\\\/www.charles-de-flahaut.fr\\\/wordpress\\\/presentation-et-histoire-de-plan-isere\\\/#primaryimage\"},\"image\":{\"@id\":\"https:\\\/\\\/www.charles-de-flahaut.fr\\\/wordpress\\\/presentation-et-histoire-de-plan-isere\\\/#primaryimage\"},\"thumbnailUrl\":\"http:\\\/\\\/www.charles-de-flahaut.fr\\\/wordpress\\\/wp-content\\\/uploads\\\/2015\\\/06\\\/plan38.jpg\",\"datePublished\":\"2015-06-21T14:12:00+00:00\",\"dateModified\":\"2025-04-06T09:35:40+00:00\",\"description\":\"A l'\u00e9poque m\u00e9di\u00e9vale, \\\"Planis\\\" et \\\"Notre dame de Plan\\\" sont les noms \u00e9voqu\u00e9s pour l\u2019appellation du bourg qui \u00e9tait\u00a0 ind\u00e9pendant\",\"breadcrumb\":{\"@id\":\"https:\\\/\\\/www.charles-de-flahaut.fr\\\/wordpress\\\/presentation-et-histoire-de-plan-isere\\\/#breadcrumb\"},\"inLanguage\":\"fr-FR\",\"potentialAction\":[{\"@type\":\"ReadAction\",\"target\":[\"https:\\\/\\\/www.charles-de-flahaut.fr\\\/wordpress\\\/presentation-et-histoire-de-plan-isere\\\/\"]}]},{\"@type\":\"ImageObject\",\"inLanguage\":\"fr-FR\",\"@id\":\"https:\\\/\\\/www.charles-de-flahaut.fr\\\/wordpress\\\/presentation-et-histoire-de-plan-isere\\\/#primaryimage\",\"url\":\"http:\\\/\\\/www.charles-de-flahaut.fr\\\/wordpress\\\/wp-content\\\/uploads\\\/2015\\\/06\\\/plan38.jpg\",\"contentUrl\":\"http:\\\/\\\/www.charles-de-flahaut.fr\\\/wordpress\\\/wp-content\\\/uploads\\\/2015\\\/06\\\/plan38.jpg\"},{\"@type\":\"BreadcrumbList\",\"@id\":\"https:\\\/\\\/www.charles-de-flahaut.fr\\\/wordpress\\\/presentation-et-histoire-de-plan-isere\\\/#breadcrumb\",\"itemListElement\":[{\"@type\":\"ListItem\",\"position\":1,\"name\":\"Accueil\",\"item\":\"https:\\\/\\\/www.charles-de-flahaut.fr\\\/wordpress\\\/\"},{\"@type\":\"ListItem\",\"position\":2,\"name\":\"Pr\u00e9sentation et Histoire de Plan (Is\u00e8re)\"}]},{\"@type\":\"WebSite\",\"@id\":\"https:\\\/\\\/www.charles-de-flahaut.fr\\\/wordpress\\\/#website\",\"url\":\"https:\\\/\\\/www.charles-de-flahaut.fr\\\/wordpress\\\/\",\"name\":\"Histoire de France - Communiqu\u00e9s\",\"description\":\"Histoire et patrimoine\",\"publisher\":{\"@id\":\"https:\\\/\\\/www.charles-de-flahaut.fr\\\/wordpress\\\/#\\\/schema\\\/person\\\/81011c8b61bc74c05499365a506d49a9\"},\"potentialAction\":[{\"@type\":\"SearchAction\",\"target\":{\"@type\":\"EntryPoint\",\"urlTemplate\":\"https:\\\/\\\/www.charles-de-flahaut.fr\\\/wordpress\\\/?s={search_term_string}\"},\"query-input\":{\"@type\":\"PropertyValueSpecification\",\"valueRequired\":true,\"valueName\":\"search_term_string\"}}],\"inLanguage\":\"fr-FR\"},{\"@type\":[\"Person\",\"Organization\"],\"@id\":\"https:\\\/\\\/www.charles-de-flahaut.fr\\\/wordpress\\\/#\\\/schema\\\/person\\\/81011c8b61bc74c05499365a506d49a9\",\"name\":\"administrateur\",\"logo\":{\"@id\":\"https:\\\/\\\/www.charles-de-flahaut.fr\\\/wordpress\\\/#\\\/schema\\\/person\\\/image\\\/\"},\"sameAs\":[\"http:\\\/\\\/www.charles-de-flahaut.fr\",\"https:\\\/\\\/www.facebook.com\\\/Sites.HistoiredeFrance\"]},{\"@type\":\"Person\",\"@id\":\"https:\\\/\\\/www.charles-de-flahaut.fr\\\/wordpress\\\/#\\\/schema\\\/person\\\/41c41eaf9ae1d70810ff74a04a786c56\",\"name\":\"administrateur\",\"url\":\"https:\\\/\\\/www.charles-de-flahaut.fr\\\/wordpress\\\/author\\\/hist_8la_ad\\\/\"}]}<\/script>\n<!-- \/ Yoast SEO plugin. -->","yoast_head_json":{"title":"Pr\u00e9sentation et Histoire de Plan (Is\u00e8re) - Histoire de France - Communiqu\u00e9s","description":"A l'\u00e9poque m\u00e9di\u00e9vale, \"Planis\" et \"Notre dame de Plan\" sont les noms \u00e9voqu\u00e9s pour l\u2019appellation du bourg qui \u00e9tait\u00a0 ind\u00e9pendant","robots":{"index":"index","follow":"follow","max-snippet":"max-snippet:-1","max-image-preview":"max-image-preview:large","max-video-preview":"max-video-preview:-1"},"canonical":"https:\/\/www.charles-de-flahaut.fr\/wordpress\/presentation-et-histoire-de-plan-isere\/","og_locale":"fr_FR","og_type":"article","og_title":"Pr\u00e9sentation et Histoire de Plan (Is\u00e8re) - Histoire de France - Communiqu\u00e9s","og_description":"A l'\u00e9poque m\u00e9di\u00e9vale, \"Planis\" et \"Notre dame de Plan\" sont les noms \u00e9voqu\u00e9s pour l\u2019appellation du bourg qui \u00e9tait\u00a0 ind\u00e9pendant","og_url":"https:\/\/www.charles-de-flahaut.fr\/wordpress\/presentation-et-histoire-de-plan-isere\/","og_site_name":"Histoire de France - Communiqu\u00e9s","article_publisher":"https:\/\/www.facebook.com\/Sites.HistoiredeFrance","article_published_time":"2015-06-21T14:12:00+00:00","article_modified_time":"2025-04-06T09:35:40+00:00","og_image":[{"width":246,"height":184,"url":"https:\/\/www.charles-de-flahaut.fr\/wordpress\/wp-content\/uploads\/2015\/06\/plan38.jpg","type":"image\/jpeg"}],"author":"administrateur","twitter_card":"summary_large_image","twitter_misc":{"\u00c9crit par":"administrateur","Dur\u00e9e de lecture estim\u00e9e":"1 minute"},"schema":{"@context":"https:\/\/schema.org","@graph":[{"@type":"Article","@id":"https:\/\/www.charles-de-flahaut.fr\/wordpress\/presentation-et-histoire-de-plan-isere\/#article","isPartOf":{"@id":"https:\/\/www.charles-de-flahaut.fr\/wordpress\/presentation-et-histoire-de-plan-isere\/"},"author":{"name":"administrateur","@id":"https:\/\/www.charles-de-flahaut.fr\/wordpress\/#\/schema\/person\/41c41eaf9ae1d70810ff74a04a786c56"},"headline":"Pr\u00e9sentation et Histoire de Plan (Is\u00e8re)","datePublished":"2015-06-21T14:12:00+00:00","dateModified":"2025-04-06T09:35:40+00:00","mainEntityOfPage":{"@id":"https:\/\/www.charles-de-flahaut.fr\/wordpress\/presentation-et-histoire-de-plan-isere\/"},"wordCount":91,"commentCount":0,"publisher":{"@id":"https:\/\/www.charles-de-flahaut.fr\/wordpress\/#\/schema\/person\/81011c8b61bc74c05499365a506d49a9"},"image":{"@id":"https:\/\/www.charles-de-flahaut.fr\/wordpress\/presentation-et-histoire-de-plan-isere\/#primaryimage"},"thumbnailUrl":"http:\/\/www.charles-de-flahaut.fr\/wordpress\/wp-content\/uploads\/2015\/06\/plan38.jpg","articleSection":["38 - Is\u00e8re","histoire locale"],"inLanguage":"fr-FR","potentialAction":[{"@type":"CommentAction","name":"Comment","target":["https:\/\/www.charles-de-flahaut.fr\/wordpress\/presentation-et-histoire-de-plan-isere\/#respond"]}]},{"@type":"WebPage","@id":"https:\/\/www.charles-de-flahaut.fr\/wordpress\/presentation-et-histoire-de-plan-isere\/","url":"https:\/\/www.charles-de-flahaut.fr\/wordpress\/presentation-et-histoire-de-plan-isere\/","name":"Pr\u00e9sentation et Histoire de Plan (Is\u00e8re) - Histoire de France - Communiqu\u00e9s","isPartOf":{"@id":"https:\/\/www.charles-de-flahaut.fr\/wordpress\/#website"},"primaryImageOfPage":{"@id":"https:\/\/www.charles-de-flahaut.fr\/wordpress\/presentation-et-histoire-de-plan-isere\/#primaryimage"},"image":{"@id":"https:\/\/www.charles-de-flahaut.fr\/wordpress\/presentation-et-histoire-de-plan-isere\/#primaryimage"},"thumbnailUrl":"http:\/\/www.charles-de-flahaut.fr\/wordpress\/wp-content\/uploads\/2015\/06\/plan38.jpg","datePublished":"2015-06-21T14:12:00+00:00","dateModified":"2025-04-06T09:35:40+00:00","description":"A l'\u00e9poque m\u00e9di\u00e9vale, \"Planis\" et \"Notre dame de Plan\" sont les noms \u00e9voqu\u00e9s pour l\u2019appellation du bourg qui \u00e9tait\u00a0 ind\u00e9pendant","breadcrumb":{"@id":"https:\/\/www.charles-de-flahaut.fr\/wordpress\/presentation-et-histoire-de-plan-isere\/#breadcrumb"},"inLanguage":"fr-FR","potentialAction":[{"@type":"ReadAction","target":["https:\/\/www.charles-de-flahaut.fr\/wordpress\/presentation-et-histoire-de-plan-isere\/"]}]},{"@type":"ImageObject","inLanguage":"fr-FR","@id":"https:\/\/www.charles-de-flahaut.fr\/wordpress\/presentation-et-histoire-de-plan-isere\/#primaryimage","url":"http:\/\/www.charles-de-flahaut.fr\/wordpress\/wp-content\/uploads\/2015\/06\/plan38.jpg","contentUrl":"http:\/\/www.charles-de-flahaut.fr\/wordpress\/wp-content\/uploads\/2015\/06\/plan38.jpg"},{"@type":"BreadcrumbList","@id":"https:\/\/www.charles-de-flahaut.fr\/wordpress\/presentation-et-histoire-de-plan-isere\/#breadcrumb","itemListElement":[{"@type":"ListItem","position":1,"name":"Accueil","item":"https:\/\/www.charles-de-flahaut.fr\/wordpress\/"},{"@type":"ListItem","position":2,"name":"Pr\u00e9sentation et Histoire de Plan (Is\u00e8re)"}]},{"@type":"WebSite","@id":"https:\/\/www.charles-de-flahaut.fr\/wordpress\/#website","url":"https:\/\/www.charles-de-flahaut.fr\/wordpress\/","name":"Histoire de France - Communiqu\u00e9s","description":"Histoire et patrimoine","publisher":{"@id":"https:\/\/www.charles-de-flahaut.fr\/wordpress\/#\/schema\/person\/81011c8b61bc74c05499365a506d49a9"},"potentialAction":[{"@type":"SearchAction","target":{"@type":"EntryPoint","urlTemplate":"https:\/\/www.charles-de-flahaut.fr\/wordpress\/?s={search_term_string}"},"query-input":{"@type":"PropertyValueSpecification","valueRequired":true,"valueName":"search_term_string"}}],"inLanguage":"fr-FR"},{"@type":["Person","Organization"],"@id":"https:\/\/www.charles-de-flahaut.fr\/wordpress\/#\/schema\/person\/81011c8b61bc74c05499365a506d49a9","name":"administrateur","logo":{"@id":"https:\/\/www.charles-de-flahaut.fr\/wordpress\/#\/schema\/person\/image\/"},"sameAs":["http:\/\/www.charles-de-flahaut.fr","https:\/\/www.facebook.com\/Sites.HistoiredeFrance"]},{"@type":"Person","@id":"https:\/\/www.charles-de-flahaut.fr\/wordpress\/#\/schema\/person\/41c41eaf9ae1d70810ff74a04a786c56","name":"administrateur","url":"https:\/\/www.charles-de-flahaut.fr\/wordpress\/author\/hist_8la_ad\/"}]}},"views":665,"amp_enabled":true,"_links":{"self":[{"href":"https:\/\/www.charles-de-flahaut.fr\/wordpress\/wp-json\/wp\/v2\/posts\/14303","targetHints":{"allow":["GET"]}}],"collection":[{"href":"https:\/\/www.charles-de-flahaut.fr\/wordpress\/wp-json\/wp\/v2\/posts"}],"about":[{"href":"https:\/\/www.charles-de-flahaut.fr\/wordpress\/wp-json\/wp\/v2\/types\/post"}],"author":[{"embeddable":true,"href":"https:\/\/www.charles-de-flahaut.fr\/wordpress\/wp-json\/wp\/v2\/users\/117"}],"replies":[{"embeddable":true,"href":"https:\/\/www.charles-de-flahaut.fr\/wordpress\/wp-json\/wp\/v2\/comments?post=14303"}],"version-history":[{"count":5,"href":"https:\/\/www.charles-de-flahaut.fr\/wordpress\/wp-json\/wp\/v2\/posts\/14303\/revisions"}],"predecessor-version":[{"id":102664,"href":"https:\/\/www.charles-de-flahaut.fr\/wordpress\/wp-json\/wp\/v2\/posts\/14303\/revisions\/102664"}],"wp:attachment":[{"href":"https:\/\/www.charles-de-flahaut.fr\/wordpress\/wp-json\/wp\/v2\/media?parent=14303"}],"wp:term":[{"taxonomy":"category","embeddable":true,"href":"https:\/\/www.charles-de-flahaut.fr\/wordpress\/wp-json\/wp\/v2\/categories?post=14303"},{"taxonomy":"post_tag","embeddable":true,"href":"https:\/\/www.charles-de-flahaut.fr\/wordpress\/wp-json\/wp\/v2\/tags?post=14303"}],"curies":[{"name":"wp","href":"https:\/\/api.w.org\/{rel}","templated":true}]}}