{"id":14291,"date":"2015-06-14T07:41:07","date_gmt":"2015-06-14T06:41:07","guid":{"rendered":"http:\/\/www.charles-de-flahaut.fr\/wordpress\/?p=14291"},"modified":"2015-06-14T07:41:07","modified_gmt":"2015-06-14T06:41:07","slug":"la-patrimoine-de-saint-louis-de-montferrand","status":"publish","type":"post","link":"https:\/\/www.charles-de-flahaut.fr\/wordpress\/la-patrimoine-de-saint-louis-de-montferrand\/","title":{"rendered":"La patrimoine de Saint Louis de Montferrand"},"content":{"rendered":"<p><strong>La patrimoine de Saint Louis de Montferrand<\/strong><br \/>\n<a href=\"http:\/\/www.saintlouisdemontferrand.fr\/index.php\/accueil\/2014-07-22-18-42-00\/patrimoine\/la-porte-de-jourdane\" target=\"_blank\">http:\/\/www.saintlouisdemontferrand.fr\/index.php\/accueil\/2014-07-22-18-42-00\/patrimoine\/la-porte-de-jourdane<\/a><\/p>\n<p><em><a href=\"http:\/\/www.charles-de-flahaut.fr\/wordpress\/wp-content\/uploads\/2015\/06\/portejourdane.jpg\"><img loading=\"lazy\" decoding=\"async\" class=\"alignleft  wp-image-14293\" src=\"http:\/\/www.charles-de-flahaut.fr\/wordpress\/wp-content\/uploads\/2015\/06\/portejourdane-300x225.jpg\" alt=\"portejourdane\" width=\"259\" height=\"194\" srcset=\"https:\/\/www.charles-de-flahaut.fr\/wordpress\/wp-content\/uploads\/2015\/06\/portejourdane-300x225.jpg 300w, https:\/\/www.charles-de-flahaut.fr\/wordpress\/wp-content\/uploads\/2015\/06\/portejourdane-1024x768.jpg 1024w\" sizes=\"auto, (max-width: 259px) 100vw, 259px\" \/><\/a>un nouveau site r\u00e9f\u00e9renc\u00e9 sur <a href=\"http:\/\/www.histoire-communes.jpflahaut.fr\/\" target=\"_blank\">Histoire et patrimoine des villes et villages de France<\/a><\/em><\/p>\n<p style=\"text-align: justify;\">Venez visitez saint louis de Montferrand par le biais de son site Internet.<br \/>\nVous d\u00e9couvrirez la vie de ce village.<br \/>\nPatrimoine : origine de la porte Jourdane<\/p>\n<p><iframe loading=\"lazy\" style=\"width: 120px; height: 240px;\" src=\"\/\/ws-eu.amazon-adsystem.com\/widgets\/q?ServiceVersion=20070822&amp;OneJS=1&amp;Operation=GetAdHtml&amp;MarketPlace=FR&amp;source=ac&amp;ref=tf_til&amp;ad_type=product_link&amp;tracking_id=charledeflaha-21&amp;marketplace=amazon&amp;region=FR&amp;placement=2846220743&amp;asins=2846220743&amp;linkId=2UFHLYXLIY5OG7QS&amp;show_border=true&amp;link_opens_in_new_window=true\" width=\"300\" height=\"150\" frameborder=\"0\" marginwidth=\"0\" marginheight=\"0\" scrolling=\"no\"><br \/>\n<\/iframe><\/p>\n","protected":false},"excerpt":{"rendered":"<p>La patrimoine de Saint Louis de Montferrand http:\/\/www.saintlouisdemontferrand.fr\/index.php\/accueil\/2014-07-22-18-42-00\/patrimoine\/la-porte-de-jourdane un nouveau site r\u00e9f\u00e9renc\u00e9 sur Histoire et patrimoine des villes et villages de France Venez visitez saint louis de Montferrand par le biais de son site Internet. Vous d\u00e9couvrirez la vie de ce village. Patrimoine : origine de la porte Jourdane<\/p>\n","protected":false},"author":117,"featured_media":0,"comment_status":"open","ping_status":"open","sticky":false,"template":"","format":"standard","meta":{"footnotes":""},"categories":[121,16,8],"tags":[],"class_list":["post-14291","post","type-post","status-publish","format-standard","hentry","category-33-gironde","category-histoire-regionale","category-patrimoine","item-wrap"],"yoast_head":"<!-- This site is optimized with the Yoast SEO plugin v27.4 - https:\/\/yoast.com\/product\/yoast-seo-wordpress\/ -->\n<title>La patrimoine de Saint Louis de Montferrand - Histoire de France - Communiqu\u00e9s<\/title>\n<meta name=\"robots\" content=\"index, follow, max-snippet:-1, max-image-preview:large, max-video-preview:-1\" \/>\n<link rel=\"canonical\" href=\"https:\/\/www.charles-de-flahaut.fr\/wordpress\/la-patrimoine-de-saint-louis-de-montferrand\/\" \/>\n<meta property=\"og:locale\" content=\"fr_FR\" \/>\n<meta property=\"og:type\" content=\"article\" \/>\n<meta property=\"og:title\" content=\"La patrimoine de Saint Louis de Montferrand - Histoire de France - Communiqu\u00e9s\" \/>\n<meta property=\"og:description\" content=\"La patrimoine de Saint Louis de Montferrand http:\/\/www.saintlouisdemontferrand.fr\/index.php\/accueil\/2014-07-22-18-42-00\/patrimoine\/la-porte-de-jourdane un nouveau site r\u00e9f\u00e9renc\u00e9 sur Histoire et patrimoine des villes et villages de France Venez visitez saint louis de Montferrand par le biais de son site Internet. Vous d\u00e9couvrirez la vie de ce village. Patrimoine : origine de la porte Jourdane\" \/>\n<meta property=\"og:url\" content=\"https:\/\/www.charles-de-flahaut.fr\/wordpress\/la-patrimoine-de-saint-louis-de-montferrand\/\" \/>\n<meta property=\"og:site_name\" content=\"Histoire de France - Communiqu\u00e9s\" \/>\n<meta property=\"article:publisher\" content=\"https:\/\/www.facebook.com\/Sites.HistoiredeFrance\" \/>\n<meta property=\"article:published_time\" content=\"2015-06-14T06:41:07+00:00\" \/>\n<meta property=\"og:image\" content=\"http:\/\/www.charles-de-flahaut.fr\/wordpress\/wp-content\/uploads\/2015\/06\/portejourdane-300x225.jpg\" \/>\n<meta name=\"author\" content=\"administrateur\" \/>\n<meta name=\"twitter:card\" content=\"summary_large_image\" \/>\n<meta name=\"twitter:label1\" content=\"\u00c9crit par\" \/>\n\t<meta name=\"twitter:data1\" content=\"administrateur\" \/>\n<script type=\"application\/ld+json\" class=\"yoast-schema-graph\">{\"@context\":\"https:\\\/\\\/schema.org\",\"@graph\":[{\"@type\":\"Article\",\"@id\":\"https:\\\/\\\/www.charles-de-flahaut.fr\\\/wordpress\\\/la-patrimoine-de-saint-louis-de-montferrand\\\/#article\",\"isPartOf\":{\"@id\":\"https:\\\/\\\/www.charles-de-flahaut.fr\\\/wordpress\\\/la-patrimoine-de-saint-louis-de-montferrand\\\/\"},\"author\":{\"name\":\"administrateur\",\"@id\":\"https:\\\/\\\/www.charles-de-flahaut.fr\\\/wordpress\\\/#\\\/schema\\\/person\\\/41c41eaf9ae1d70810ff74a04a786c56\"},\"headline\":\"La patrimoine de Saint Louis de Montferrand\",\"datePublished\":\"2015-06-14T06:41:07+00:00\",\"mainEntityOfPage\":{\"@id\":\"https:\\\/\\\/www.charles-de-flahaut.fr\\\/wordpress\\\/la-patrimoine-de-saint-louis-de-montferrand\\\/\"},\"wordCount\":71,\"commentCount\":0,\"publisher\":{\"@id\":\"https:\\\/\\\/www.charles-de-flahaut.fr\\\/wordpress\\\/#\\\/schema\\\/person\\\/81011c8b61bc74c05499365a506d49a9\"},\"image\":{\"@id\":\"https:\\\/\\\/www.charles-de-flahaut.fr\\\/wordpress\\\/la-patrimoine-de-saint-louis-de-montferrand\\\/#primaryimage\"},\"thumbnailUrl\":\"http:\\\/\\\/www.charles-de-flahaut.fr\\\/wordpress\\\/wp-content\\\/uploads\\\/2015\\\/06\\\/portejourdane-300x225.jpg\",\"articleSection\":[\"33 - Gironde\",\"histoire locale\",\"patrimoine\"],\"inLanguage\":\"fr-FR\",\"potentialAction\":[{\"@type\":\"CommentAction\",\"name\":\"Comment\",\"target\":[\"https:\\\/\\\/www.charles-de-flahaut.fr\\\/wordpress\\\/la-patrimoine-de-saint-louis-de-montferrand\\\/#respond\"]}]},{\"@type\":\"WebPage\",\"@id\":\"https:\\\/\\\/www.charles-de-flahaut.fr\\\/wordpress\\\/la-patrimoine-de-saint-louis-de-montferrand\\\/\",\"url\":\"https:\\\/\\\/www.charles-de-flahaut.fr\\\/wordpress\\\/la-patrimoine-de-saint-louis-de-montferrand\\\/\",\"name\":\"La patrimoine de Saint Louis de Montferrand - Histoire de France - Communiqu\u00e9s\",\"isPartOf\":{\"@id\":\"https:\\\/\\\/www.charles-de-flahaut.fr\\\/wordpress\\\/#website\"},\"primaryImageOfPage\":{\"@id\":\"https:\\\/\\\/www.charles-de-flahaut.fr\\\/wordpress\\\/la-patrimoine-de-saint-louis-de-montferrand\\\/#primaryimage\"},\"image\":{\"@id\":\"https:\\\/\\\/www.charles-de-flahaut.fr\\\/wordpress\\\/la-patrimoine-de-saint-louis-de-montferrand\\\/#primaryimage\"},\"thumbnailUrl\":\"http:\\\/\\\/www.charles-de-flahaut.fr\\\/wordpress\\\/wp-content\\\/uploads\\\/2015\\\/06\\\/portejourdane-300x225.jpg\",\"datePublished\":\"2015-06-14T06:41:07+00:00\",\"breadcrumb\":{\"@id\":\"https:\\\/\\\/www.charles-de-flahaut.fr\\\/wordpress\\\/la-patrimoine-de-saint-louis-de-montferrand\\\/#breadcrumb\"},\"inLanguage\":\"fr-FR\",\"potentialAction\":[{\"@type\":\"ReadAction\",\"target\":[\"https:\\\/\\\/www.charles-de-flahaut.fr\\\/wordpress\\\/la-patrimoine-de-saint-louis-de-montferrand\\\/\"]}]},{\"@type\":\"ImageObject\",\"inLanguage\":\"fr-FR\",\"@id\":\"https:\\\/\\\/www.charles-de-flahaut.fr\\\/wordpress\\\/la-patrimoine-de-saint-louis-de-montferrand\\\/#primaryimage\",\"url\":\"https:\\\/\\\/www.charles-de-flahaut.fr\\\/wordpress\\\/wp-content\\\/uploads\\\/2015\\\/06\\\/portejourdane.jpg\",\"contentUrl\":\"https:\\\/\\\/www.charles-de-flahaut.fr\\\/wordpress\\\/wp-content\\\/uploads\\\/2015\\\/06\\\/portejourdane.jpg\",\"width\":3264,\"height\":2448},{\"@type\":\"BreadcrumbList\",\"@id\":\"https:\\\/\\\/www.charles-de-flahaut.fr\\\/wordpress\\\/la-patrimoine-de-saint-louis-de-montferrand\\\/#breadcrumb\",\"itemListElement\":[{\"@type\":\"ListItem\",\"position\":1,\"name\":\"Accueil\",\"item\":\"https:\\\/\\\/www.charles-de-flahaut.fr\\\/wordpress\\\/\"},{\"@type\":\"ListItem\",\"position\":2,\"name\":\"La patrimoine de Saint Louis de Montferrand\"}]},{\"@type\":\"WebSite\",\"@id\":\"https:\\\/\\\/www.charles-de-flahaut.fr\\\/wordpress\\\/#website\",\"url\":\"https:\\\/\\\/www.charles-de-flahaut.fr\\\/wordpress\\\/\",\"name\":\"Histoire de France - Communiqu\u00e9s\",\"description\":\"Histoire et patrimoine\",\"publisher\":{\"@id\":\"https:\\\/\\\/www.charles-de-flahaut.fr\\\/wordpress\\\/#\\\/schema\\\/person\\\/81011c8b61bc74c05499365a506d49a9\"},\"potentialAction\":[{\"@type\":\"SearchAction\",\"target\":{\"@type\":\"EntryPoint\",\"urlTemplate\":\"https:\\\/\\\/www.charles-de-flahaut.fr\\\/wordpress\\\/?s={search_term_string}\"},\"query-input\":{\"@type\":\"PropertyValueSpecification\",\"valueRequired\":true,\"valueName\":\"search_term_string\"}}],\"inLanguage\":\"fr-FR\"},{\"@type\":[\"Person\",\"Organization\"],\"@id\":\"https:\\\/\\\/www.charles-de-flahaut.fr\\\/wordpress\\\/#\\\/schema\\\/person\\\/81011c8b61bc74c05499365a506d49a9\",\"name\":\"administrateur\",\"logo\":{\"@id\":\"https:\\\/\\\/www.charles-de-flahaut.fr\\\/wordpress\\\/#\\\/schema\\\/person\\\/image\\\/\"},\"sameAs\":[\"http:\\\/\\\/www.charles-de-flahaut.fr\",\"https:\\\/\\\/www.facebook.com\\\/Sites.HistoiredeFrance\"]},{\"@type\":\"Person\",\"@id\":\"https:\\\/\\\/www.charles-de-flahaut.fr\\\/wordpress\\\/#\\\/schema\\\/person\\\/41c41eaf9ae1d70810ff74a04a786c56\",\"name\":\"administrateur\",\"url\":\"https:\\\/\\\/www.charles-de-flahaut.fr\\\/wordpress\\\/author\\\/hist_8la_ad\\\/\"}]}<\/script>\n<!-- \/ Yoast SEO plugin. -->","yoast_head_json":{"title":"La patrimoine de Saint Louis de Montferrand - Histoire de France - Communiqu\u00e9s","robots":{"index":"index","follow":"follow","max-snippet":"max-snippet:-1","max-image-preview":"max-image-preview:large","max-video-preview":"max-video-preview:-1"},"canonical":"https:\/\/www.charles-de-flahaut.fr\/wordpress\/la-patrimoine-de-saint-louis-de-montferrand\/","og_locale":"fr_FR","og_type":"article","og_title":"La patrimoine de Saint Louis de Montferrand - Histoire de France - Communiqu\u00e9s","og_description":"La patrimoine de Saint Louis de Montferrand http:\/\/www.saintlouisdemontferrand.fr\/index.php\/accueil\/2014-07-22-18-42-00\/patrimoine\/la-porte-de-jourdane un nouveau site r\u00e9f\u00e9renc\u00e9 sur Histoire et patrimoine des villes et villages de France Venez visitez saint louis de Montferrand par le biais de son site Internet. Vous d\u00e9couvrirez la vie de ce village. Patrimoine : origine de la porte Jourdane","og_url":"https:\/\/www.charles-de-flahaut.fr\/wordpress\/la-patrimoine-de-saint-louis-de-montferrand\/","og_site_name":"Histoire de France - Communiqu\u00e9s","article_publisher":"https:\/\/www.facebook.com\/Sites.HistoiredeFrance","article_published_time":"2015-06-14T06:41:07+00:00","og_image":[{"url":"http:\/\/www.charles-de-flahaut.fr\/wordpress\/wp-content\/uploads\/2015\/06\/portejourdane-300x225.jpg","type":"","width":"","height":""}],"author":"administrateur","twitter_card":"summary_large_image","twitter_misc":{"\u00c9crit par":"administrateur"},"schema":{"@context":"https:\/\/schema.org","@graph":[{"@type":"Article","@id":"https:\/\/www.charles-de-flahaut.fr\/wordpress\/la-patrimoine-de-saint-louis-de-montferrand\/#article","isPartOf":{"@id":"https:\/\/www.charles-de-flahaut.fr\/wordpress\/la-patrimoine-de-saint-louis-de-montferrand\/"},"author":{"name":"administrateur","@id":"https:\/\/www.charles-de-flahaut.fr\/wordpress\/#\/schema\/person\/41c41eaf9ae1d70810ff74a04a786c56"},"headline":"La patrimoine de Saint Louis de Montferrand","datePublished":"2015-06-14T06:41:07+00:00","mainEntityOfPage":{"@id":"https:\/\/www.charles-de-flahaut.fr\/wordpress\/la-patrimoine-de-saint-louis-de-montferrand\/"},"wordCount":71,"commentCount":0,"publisher":{"@id":"https:\/\/www.charles-de-flahaut.fr\/wordpress\/#\/schema\/person\/81011c8b61bc74c05499365a506d49a9"},"image":{"@id":"https:\/\/www.charles-de-flahaut.fr\/wordpress\/la-patrimoine-de-saint-louis-de-montferrand\/#primaryimage"},"thumbnailUrl":"http:\/\/www.charles-de-flahaut.fr\/wordpress\/wp-content\/uploads\/2015\/06\/portejourdane-300x225.jpg","articleSection":["33 - Gironde","histoire locale","patrimoine"],"inLanguage":"fr-FR","potentialAction":[{"@type":"CommentAction","name":"Comment","target":["https:\/\/www.charles-de-flahaut.fr\/wordpress\/la-patrimoine-de-saint-louis-de-montferrand\/#respond"]}]},{"@type":"WebPage","@id":"https:\/\/www.charles-de-flahaut.fr\/wordpress\/la-patrimoine-de-saint-louis-de-montferrand\/","url":"https:\/\/www.charles-de-flahaut.fr\/wordpress\/la-patrimoine-de-saint-louis-de-montferrand\/","name":"La patrimoine de Saint Louis de Montferrand - Histoire de France - Communiqu\u00e9s","isPartOf":{"@id":"https:\/\/www.charles-de-flahaut.fr\/wordpress\/#website"},"primaryImageOfPage":{"@id":"https:\/\/www.charles-de-flahaut.fr\/wordpress\/la-patrimoine-de-saint-louis-de-montferrand\/#primaryimage"},"image":{"@id":"https:\/\/www.charles-de-flahaut.fr\/wordpress\/la-patrimoine-de-saint-louis-de-montferrand\/#primaryimage"},"thumbnailUrl":"http:\/\/www.charles-de-flahaut.fr\/wordpress\/wp-content\/uploads\/2015\/06\/portejourdane-300x225.jpg","datePublished":"2015-06-14T06:41:07+00:00","breadcrumb":{"@id":"https:\/\/www.charles-de-flahaut.fr\/wordpress\/la-patrimoine-de-saint-louis-de-montferrand\/#breadcrumb"},"inLanguage":"fr-FR","potentialAction":[{"@type":"ReadAction","target":["https:\/\/www.charles-de-flahaut.fr\/wordpress\/la-patrimoine-de-saint-louis-de-montferrand\/"]}]},{"@type":"ImageObject","inLanguage":"fr-FR","@id":"https:\/\/www.charles-de-flahaut.fr\/wordpress\/la-patrimoine-de-saint-louis-de-montferrand\/#primaryimage","url":"https:\/\/www.charles-de-flahaut.fr\/wordpress\/wp-content\/uploads\/2015\/06\/portejourdane.jpg","contentUrl":"https:\/\/www.charles-de-flahaut.fr\/wordpress\/wp-content\/uploads\/2015\/06\/portejourdane.jpg","width":3264,"height":2448},{"@type":"BreadcrumbList","@id":"https:\/\/www.charles-de-flahaut.fr\/wordpress\/la-patrimoine-de-saint-louis-de-montferrand\/#breadcrumb","itemListElement":[{"@type":"ListItem","position":1,"name":"Accueil","item":"https:\/\/www.charles-de-flahaut.fr\/wordpress\/"},{"@type":"ListItem","position":2,"name":"La patrimoine de Saint Louis de Montferrand"}]},{"@type":"WebSite","@id":"https:\/\/www.charles-de-flahaut.fr\/wordpress\/#website","url":"https:\/\/www.charles-de-flahaut.fr\/wordpress\/","name":"Histoire de France - Communiqu\u00e9s","description":"Histoire et patrimoine","publisher":{"@id":"https:\/\/www.charles-de-flahaut.fr\/wordpress\/#\/schema\/person\/81011c8b61bc74c05499365a506d49a9"},"potentialAction":[{"@type":"SearchAction","target":{"@type":"EntryPoint","urlTemplate":"https:\/\/www.charles-de-flahaut.fr\/wordpress\/?s={search_term_string}"},"query-input":{"@type":"PropertyValueSpecification","valueRequired":true,"valueName":"search_term_string"}}],"inLanguage":"fr-FR"},{"@type":["Person","Organization"],"@id":"https:\/\/www.charles-de-flahaut.fr\/wordpress\/#\/schema\/person\/81011c8b61bc74c05499365a506d49a9","name":"administrateur","logo":{"@id":"https:\/\/www.charles-de-flahaut.fr\/wordpress\/#\/schema\/person\/image\/"},"sameAs":["http:\/\/www.charles-de-flahaut.fr","https:\/\/www.facebook.com\/Sites.HistoiredeFrance"]},{"@type":"Person","@id":"https:\/\/www.charles-de-flahaut.fr\/wordpress\/#\/schema\/person\/41c41eaf9ae1d70810ff74a04a786c56","name":"administrateur","url":"https:\/\/www.charles-de-flahaut.fr\/wordpress\/author\/hist_8la_ad\/"}]}},"views":899,"amp_enabled":true,"_links":{"self":[{"href":"https:\/\/www.charles-de-flahaut.fr\/wordpress\/wp-json\/wp\/v2\/posts\/14291","targetHints":{"allow":["GET"]}}],"collection":[{"href":"https:\/\/www.charles-de-flahaut.fr\/wordpress\/wp-json\/wp\/v2\/posts"}],"about":[{"href":"https:\/\/www.charles-de-flahaut.fr\/wordpress\/wp-json\/wp\/v2\/types\/post"}],"author":[{"embeddable":true,"href":"https:\/\/www.charles-de-flahaut.fr\/wordpress\/wp-json\/wp\/v2\/users\/117"}],"replies":[{"embeddable":true,"href":"https:\/\/www.charles-de-flahaut.fr\/wordpress\/wp-json\/wp\/v2\/comments?post=14291"}],"version-history":[{"count":4,"href":"https:\/\/www.charles-de-flahaut.fr\/wordpress\/wp-json\/wp\/v2\/posts\/14291\/revisions"}],"predecessor-version":[{"id":14296,"href":"https:\/\/www.charles-de-flahaut.fr\/wordpress\/wp-json\/wp\/v2\/posts\/14291\/revisions\/14296"}],"wp:attachment":[{"href":"https:\/\/www.charles-de-flahaut.fr\/wordpress\/wp-json\/wp\/v2\/media?parent=14291"}],"wp:term":[{"taxonomy":"category","embeddable":true,"href":"https:\/\/www.charles-de-flahaut.fr\/wordpress\/wp-json\/wp\/v2\/categories?post=14291"},{"taxonomy":"post_tag","embeddable":true,"href":"https:\/\/www.charles-de-flahaut.fr\/wordpress\/wp-json\/wp\/v2\/tags?post=14291"}],"curies":[{"name":"wp","href":"https:\/\/api.w.org\/{rel}","templated":true}]}}