{"id":1406,"date":"2013-04-08T12:43:43","date_gmt":"2013-04-08T11:43:43","guid":{"rendered":"http:\/\/www.charles-de-flahaut.fr\/wordpress\/?p=1406"},"modified":"2024-01-19T11:13:05","modified_gmt":"2024-01-19T10:13:05","slug":"fontaines-et-lavoirs-de-carces-var","status":"publish","type":"post","link":"https:\/\/www.charles-de-flahaut.fr\/wordpress\/fontaines-et-lavoirs-de-carces-var\/","title":{"rendered":"Fontaines et lavoirs de Carc\u00e8s (Var)"},"content":{"rendered":"<p>Le circuit des fontaines et lavoirs de Carc\u00e8s.<\/p>\n<p>Vous avez une heure \u00e0 consacrer \u00e0 la visite de Carc\u00e8s ?<br \/>\nNe manquez pas le circuit des lavoirs et fontaines.<\/p>\n<p><a href=\"http:\/\/www.charles-de-flahaut.fr\/wordpress\/wp-content\/uploads\/2013\/04\/carces_mini.jpg\"><img loading=\"lazy\" decoding=\"async\" class=\"aligncenter size-medium wp-image-1408\" title=\"carces_mini\" src=\"http:\/\/www.charles-de-flahaut.fr\/wordpress\/wp-content\/uploads\/2013\/04\/carces_mini-224x300.jpg\" alt=\"\" width=\"224\" height=\"300\" srcset=\"https:\/\/www.charles-de-flahaut.fr\/wordpress\/wp-content\/uploads\/2013\/04\/carces_mini-224x300.jpg 224w, https:\/\/www.charles-de-flahaut.fr\/wordpress\/wp-content\/uploads\/2013\/04\/carces_mini.jpg 500w\" sizes=\"auto, (max-width: 224px) 100vw, 224px\" \/><\/a><\/p>\n<p><a href=\"http:\/\/www.carces-autrement.fr\/vie-locale\/images\/les_fontaines_et_lavoir.pdf\" target=\"_blank\" rel=\"noopener\">Document de l&rsquo;Office de tourisme de Carc\u00e8s<\/a><\/p>\n<p><a href=\"http:\/\/www.cmacao.net\/carces.htm\" target=\"_blank\" rel=\"noopener\">Une page personnelle sur Carc\u00e8s<\/a> (les fontaines &#8211; une page d&rsquo;histoire &#8211; un village en trompe-l&rsquo;oeil)<\/p>\n<p>&nbsp;<\/p>\n<p><center><br \/>\n<object width=\"400\" height=\"267\" classid=\"clsid:d27cdb6e-ae6d-11cf-96b8-444553540000\" codebase=\"http:\/\/download.macromedia.com\/pub\/shockwave\/cabs\/flash\/swflash.cab#version=6,0,40,0\"><param name=\"src\" value=\"https:\/\/picasaweb.google.com\/s\/c\/bin\/slideshow.swf\" \/><param name=\"flashvars\" value=\"host=picasaweb.google.com&amp;captions=1&amp;hl=fr&amp;feat=flashalbum&amp;RGB=0x000000&amp;feed=https%3A%2F%2Fpicasaweb.google.com%2Fdata%2Ffeed%2Fapi%2Fuser%2F112643751319982676492%2Falbumid%2F5864415727313604081%3Falt%3Drss%26kind%3Dphoto%26authkey%3DGv1sRgCOfZp_2c_siWZw%26hl%3Dfr\" \/><param name=\"pluginspage\" value=\"http:\/\/www.macromedia.com\/go\/getflashplayer\" \/><embed width=\"400\" height=\"267\" type=\"application\/x-shockwave-flash\" src=\"https:\/\/picasaweb.google.com\/s\/c\/bin\/slideshow.swf\" flashvars=\"host=picasaweb.google.com&amp;captions=1&amp;hl=fr&amp;feat=flashalbum&amp;RGB=0x000000&amp;feed=https%3A%2F%2Fpicasaweb.google.com%2Fdata%2Ffeed%2Fapi%2Fuser%2F112643751319982676492%2Falbumid%2F5864415727313604081%3Falt%3Drss%26kind%3Dphoto%26authkey%3DGv1sRgCOfZp_2c_siWZw%26hl%3Dfr\" pluginspage=\"http:\/\/www.macromedia.com\/go\/getflashplayer\" \/><\/object><br \/>\n<a href=\"http:\/\/track.effiliation.com\/servlet\/effi.click?id_compteur=12697951\" target=\"_blank\" rel=\"noopener\"><br \/>\n<\/a><\/center><br \/>\n<a href=\"https:\/\/amzn.to\/3OdSgt9\" target=\"_blank\" rel=\"noopener\"><strong>Ouvrages sur Carc\u00e8s<\/strong><\/a><\/p>\n","protected":false},"excerpt":{"rendered":"<p>Le circuit des fontaines et lavoirs de Carc\u00e8s. Vous avez une heure \u00e0 consacrer \u00e0 la visite de Carc\u00e8s ? Ne manquez pas le circuit des lavoirs et fontaines. Document de l&rsquo;Office de tourisme de Carc\u00e8s Une page personnelle sur Carc\u00e8s (les fontaines &#8211; une page d&rsquo;histoire &#8211; un village en trompe-l&rsquo;oeil) &nbsp; Ouvrages sur &hellip; <\/p>\n<p><a class=\"more-link btn\" href=\"https:\/\/www.charles-de-flahaut.fr\/wordpress\/fontaines-et-lavoirs-de-carces-var\/\">Lire la suite<\/a><\/p>\n","protected":false},"author":1,"featured_media":0,"comment_status":"open","ping_status":"open","sticky":false,"template":"","format":"standard","meta":{"footnotes":""},"categories":[171,36,16,1,8],"tags":[],"class_list":["post-1406","post","type-post","status-publish","format-standard","hentry","category-83-var","category-arts-et-histoire","category-histoire-regionale","category-non-classe","category-patrimoine","item-wrap"],"yoast_head":"<!-- This site is optimized with the Yoast SEO plugin v27.5 - https:\/\/yoast.com\/product\/yoast-seo-wordpress\/ -->\n<title>Fontaines et lavoirs de Carc\u00e8s (Var) - Histoire de France - Communiqu\u00e9s<\/title>\n<meta name=\"description\" content=\"Vous avez une heure \u00e0 consacrer \u00e0 la visite de Carc\u00e8s ?Ne manquez pas le circuit des lavoirs et fontaines.\" \/>\n<meta name=\"robots\" content=\"index, follow, max-snippet:-1, max-image-preview:large, max-video-preview:-1\" \/>\n<link rel=\"canonical\" href=\"https:\/\/www.charles-de-flahaut.fr\/wordpress\/fontaines-et-lavoirs-de-carces-var\/\" \/>\n<meta property=\"og:locale\" content=\"fr_FR\" \/>\n<meta property=\"og:type\" content=\"article\" \/>\n<meta property=\"og:title\" content=\"Fontaines et lavoirs de Carc\u00e8s (Var) - Histoire de France - Communiqu\u00e9s\" \/>\n<meta property=\"og:description\" content=\"Vous avez une heure \u00e0 consacrer \u00e0 la visite de Carc\u00e8s ?Ne manquez pas le circuit des lavoirs et fontaines.\" \/>\n<meta property=\"og:url\" content=\"https:\/\/www.charles-de-flahaut.fr\/wordpress\/fontaines-et-lavoirs-de-carces-var\/\" \/>\n<meta property=\"og:site_name\" content=\"Histoire de France - Communiqu\u00e9s\" \/>\n<meta property=\"article:publisher\" content=\"https:\/\/www.facebook.com\/Sites.HistoiredeFrance\" \/>\n<meta property=\"article:author\" content=\"https:\/\/www.facebook.com\/Sites.HistoiredeFrance\" \/>\n<meta property=\"article:published_time\" content=\"2013-04-08T11:43:43+00:00\" \/>\n<meta property=\"article:modified_time\" content=\"2024-01-19T10:13:05+00:00\" \/>\n<meta property=\"og:image\" content=\"http:\/\/www.charles-de-flahaut.fr\/wordpress\/wp-content\/uploads\/2013\/04\/carces_mini-224x300.jpg\" \/>\n<meta name=\"author\" content=\"administrateur\" \/>\n<meta name=\"twitter:card\" content=\"summary_large_image\" \/>\n<meta name=\"twitter:label1\" content=\"\u00c9crit par\" \/>\n\t<meta name=\"twitter:data1\" content=\"administrateur\" \/>\n\t<meta name=\"twitter:label2\" content=\"Dur\u00e9e de lecture estim\u00e9e\" \/>\n\t<meta name=\"twitter:data2\" content=\"1 minute\" \/>\n<script type=\"application\/ld+json\" class=\"yoast-schema-graph\">{\"@context\":\"https:\\\/\\\/schema.org\",\"@graph\":[{\"@type\":\"Article\",\"@id\":\"https:\\\/\\\/www.charles-de-flahaut.fr\\\/wordpress\\\/fontaines-et-lavoirs-de-carces-var\\\/#article\",\"isPartOf\":{\"@id\":\"https:\\\/\\\/www.charles-de-flahaut.fr\\\/wordpress\\\/fontaines-et-lavoirs-de-carces-var\\\/\"},\"author\":{\"name\":\"administrateur\",\"@id\":\"https:\\\/\\\/www.charles-de-flahaut.fr\\\/wordpress\\\/#\\\/schema\\\/person\\\/81011c8b61bc74c05499365a506d49a9\"},\"headline\":\"Fontaines et lavoirs de Carc\u00e8s (Var)\",\"datePublished\":\"2013-04-08T11:43:43+00:00\",\"dateModified\":\"2024-01-19T10:13:05+00:00\",\"mainEntityOfPage\":{\"@id\":\"https:\\\/\\\/www.charles-de-flahaut.fr\\\/wordpress\\\/fontaines-et-lavoirs-de-carces-var\\\/\"},\"wordCount\":68,\"commentCount\":0,\"publisher\":{\"@id\":\"https:\\\/\\\/www.charles-de-flahaut.fr\\\/wordpress\\\/#\\\/schema\\\/person\\\/81011c8b61bc74c05499365a506d49a9\"},\"image\":{\"@id\":\"https:\\\/\\\/www.charles-de-flahaut.fr\\\/wordpress\\\/fontaines-et-lavoirs-de-carces-var\\\/#primaryimage\"},\"thumbnailUrl\":\"http:\\\/\\\/www.charles-de-flahaut.fr\\\/wordpress\\\/wp-content\\\/uploads\\\/2013\\\/04\\\/carces_mini-224x300.jpg\",\"articleSection\":{\"0\":\"83 - Var\",\"1\":\"arts et histoire\",\"2\":\"histoire locale\",\"4\":\"patrimoine\"},\"inLanguage\":\"fr-FR\",\"potentialAction\":[{\"@type\":\"CommentAction\",\"name\":\"Comment\",\"target\":[\"https:\\\/\\\/www.charles-de-flahaut.fr\\\/wordpress\\\/fontaines-et-lavoirs-de-carces-var\\\/#respond\"]}]},{\"@type\":\"WebPage\",\"@id\":\"https:\\\/\\\/www.charles-de-flahaut.fr\\\/wordpress\\\/fontaines-et-lavoirs-de-carces-var\\\/\",\"url\":\"https:\\\/\\\/www.charles-de-flahaut.fr\\\/wordpress\\\/fontaines-et-lavoirs-de-carces-var\\\/\",\"name\":\"Fontaines et lavoirs de Carc\u00e8s (Var) - Histoire de France - Communiqu\u00e9s\",\"isPartOf\":{\"@id\":\"https:\\\/\\\/www.charles-de-flahaut.fr\\\/wordpress\\\/#website\"},\"primaryImageOfPage\":{\"@id\":\"https:\\\/\\\/www.charles-de-flahaut.fr\\\/wordpress\\\/fontaines-et-lavoirs-de-carces-var\\\/#primaryimage\"},\"image\":{\"@id\":\"https:\\\/\\\/www.charles-de-flahaut.fr\\\/wordpress\\\/fontaines-et-lavoirs-de-carces-var\\\/#primaryimage\"},\"thumbnailUrl\":\"http:\\\/\\\/www.charles-de-flahaut.fr\\\/wordpress\\\/wp-content\\\/uploads\\\/2013\\\/04\\\/carces_mini-224x300.jpg\",\"datePublished\":\"2013-04-08T11:43:43+00:00\",\"dateModified\":\"2024-01-19T10:13:05+00:00\",\"description\":\"Vous avez une heure \u00e0 consacrer \u00e0 la visite de Carc\u00e8s ?Ne manquez pas le circuit des lavoirs et fontaines.\",\"breadcrumb\":{\"@id\":\"https:\\\/\\\/www.charles-de-flahaut.fr\\\/wordpress\\\/fontaines-et-lavoirs-de-carces-var\\\/#breadcrumb\"},\"inLanguage\":\"fr-FR\",\"potentialAction\":[{\"@type\":\"ReadAction\",\"target\":[\"https:\\\/\\\/www.charles-de-flahaut.fr\\\/wordpress\\\/fontaines-et-lavoirs-de-carces-var\\\/\"]}]},{\"@type\":\"ImageObject\",\"inLanguage\":\"fr-FR\",\"@id\":\"https:\\\/\\\/www.charles-de-flahaut.fr\\\/wordpress\\\/fontaines-et-lavoirs-de-carces-var\\\/#primaryimage\",\"url\":\"https:\\\/\\\/www.charles-de-flahaut.fr\\\/wordpress\\\/wp-content\\\/uploads\\\/2013\\\/04\\\/carces_mini.jpg\",\"contentUrl\":\"https:\\\/\\\/www.charles-de-flahaut.fr\\\/wordpress\\\/wp-content\\\/uploads\\\/2013\\\/04\\\/carces_mini.jpg\",\"width\":\"500\",\"height\":\"667\"},{\"@type\":\"BreadcrumbList\",\"@id\":\"https:\\\/\\\/www.charles-de-flahaut.fr\\\/wordpress\\\/fontaines-et-lavoirs-de-carces-var\\\/#breadcrumb\",\"itemListElement\":[{\"@type\":\"ListItem\",\"position\":1,\"name\":\"Accueil\",\"item\":\"https:\\\/\\\/www.charles-de-flahaut.fr\\\/wordpress\\\/\"},{\"@type\":\"ListItem\",\"position\":2,\"name\":\"Fontaines et lavoirs de Carc\u00e8s (Var)\"}]},{\"@type\":\"WebSite\",\"@id\":\"https:\\\/\\\/www.charles-de-flahaut.fr\\\/wordpress\\\/#website\",\"url\":\"https:\\\/\\\/www.charles-de-flahaut.fr\\\/wordpress\\\/\",\"name\":\"Histoire de France - Communiqu\u00e9s\",\"description\":\"Histoire et patrimoine\",\"publisher\":{\"@id\":\"https:\\\/\\\/www.charles-de-flahaut.fr\\\/wordpress\\\/#\\\/schema\\\/person\\\/81011c8b61bc74c05499365a506d49a9\"},\"potentialAction\":[{\"@type\":\"SearchAction\",\"target\":{\"@type\":\"EntryPoint\",\"urlTemplate\":\"https:\\\/\\\/www.charles-de-flahaut.fr\\\/wordpress\\\/?s={search_term_string}\"},\"query-input\":{\"@type\":\"PropertyValueSpecification\",\"valueRequired\":true,\"valueName\":\"search_term_string\"}}],\"inLanguage\":\"fr-FR\"},{\"@type\":[\"Person\",\"Organization\"],\"@id\":\"https:\\\/\\\/www.charles-de-flahaut.fr\\\/wordpress\\\/#\\\/schema\\\/person\\\/81011c8b61bc74c05499365a506d49a9\",\"name\":\"administrateur\",\"logo\":{\"@id\":\"https:\\\/\\\/www.charles-de-flahaut.fr\\\/wordpress\\\/#\\\/schema\\\/person\\\/image\\\/\"},\"sameAs\":[\"http:\\\/\\\/www.charles-de-flahaut.fr\",\"https:\\\/\\\/www.facebook.com\\\/Sites.HistoiredeFrance\"],\"url\":\"https:\\\/\\\/www.charles-de-flahaut.fr\\\/wordpress\\\/author\\\/admin\\\/\"}]}<\/script>\n<!-- \/ Yoast SEO plugin. -->","yoast_head_json":{"title":"Fontaines et lavoirs de Carc\u00e8s (Var) - Histoire de France - Communiqu\u00e9s","description":"Vous avez une heure \u00e0 consacrer \u00e0 la visite de Carc\u00e8s ?Ne manquez pas le circuit des lavoirs et fontaines.","robots":{"index":"index","follow":"follow","max-snippet":"max-snippet:-1","max-image-preview":"max-image-preview:large","max-video-preview":"max-video-preview:-1"},"canonical":"https:\/\/www.charles-de-flahaut.fr\/wordpress\/fontaines-et-lavoirs-de-carces-var\/","og_locale":"fr_FR","og_type":"article","og_title":"Fontaines et lavoirs de Carc\u00e8s (Var) - Histoire de France - Communiqu\u00e9s","og_description":"Vous avez une heure \u00e0 consacrer \u00e0 la visite de Carc\u00e8s ?Ne manquez pas le circuit des lavoirs et fontaines.","og_url":"https:\/\/www.charles-de-flahaut.fr\/wordpress\/fontaines-et-lavoirs-de-carces-var\/","og_site_name":"Histoire de France - Communiqu\u00e9s","article_publisher":"https:\/\/www.facebook.com\/Sites.HistoiredeFrance","article_author":"https:\/\/www.facebook.com\/Sites.HistoiredeFrance","article_published_time":"2013-04-08T11:43:43+00:00","article_modified_time":"2024-01-19T10:13:05+00:00","og_image":[{"url":"http:\/\/www.charles-de-flahaut.fr\/wordpress\/wp-content\/uploads\/2013\/04\/carces_mini-224x300.jpg","type":"","width":"","height":""}],"author":"administrateur","twitter_card":"summary_large_image","twitter_misc":{"\u00c9crit par":"administrateur","Dur\u00e9e de lecture estim\u00e9e":"1 minute"},"schema":{"@context":"https:\/\/schema.org","@graph":[{"@type":"Article","@id":"https:\/\/www.charles-de-flahaut.fr\/wordpress\/fontaines-et-lavoirs-de-carces-var\/#article","isPartOf":{"@id":"https:\/\/www.charles-de-flahaut.fr\/wordpress\/fontaines-et-lavoirs-de-carces-var\/"},"author":{"name":"administrateur","@id":"https:\/\/www.charles-de-flahaut.fr\/wordpress\/#\/schema\/person\/81011c8b61bc74c05499365a506d49a9"},"headline":"Fontaines et lavoirs de Carc\u00e8s (Var)","datePublished":"2013-04-08T11:43:43+00:00","dateModified":"2024-01-19T10:13:05+00:00","mainEntityOfPage":{"@id":"https:\/\/www.charles-de-flahaut.fr\/wordpress\/fontaines-et-lavoirs-de-carces-var\/"},"wordCount":68,"commentCount":0,"publisher":{"@id":"https:\/\/www.charles-de-flahaut.fr\/wordpress\/#\/schema\/person\/81011c8b61bc74c05499365a506d49a9"},"image":{"@id":"https:\/\/www.charles-de-flahaut.fr\/wordpress\/fontaines-et-lavoirs-de-carces-var\/#primaryimage"},"thumbnailUrl":"http:\/\/www.charles-de-flahaut.fr\/wordpress\/wp-content\/uploads\/2013\/04\/carces_mini-224x300.jpg","articleSection":{"0":"83 - Var","1":"arts et histoire","2":"histoire locale","4":"patrimoine"},"inLanguage":"fr-FR","potentialAction":[{"@type":"CommentAction","name":"Comment","target":["https:\/\/www.charles-de-flahaut.fr\/wordpress\/fontaines-et-lavoirs-de-carces-var\/#respond"]}]},{"@type":"WebPage","@id":"https:\/\/www.charles-de-flahaut.fr\/wordpress\/fontaines-et-lavoirs-de-carces-var\/","url":"https:\/\/www.charles-de-flahaut.fr\/wordpress\/fontaines-et-lavoirs-de-carces-var\/","name":"Fontaines et lavoirs de Carc\u00e8s (Var) - Histoire de France - Communiqu\u00e9s","isPartOf":{"@id":"https:\/\/www.charles-de-flahaut.fr\/wordpress\/#website"},"primaryImageOfPage":{"@id":"https:\/\/www.charles-de-flahaut.fr\/wordpress\/fontaines-et-lavoirs-de-carces-var\/#primaryimage"},"image":{"@id":"https:\/\/www.charles-de-flahaut.fr\/wordpress\/fontaines-et-lavoirs-de-carces-var\/#primaryimage"},"thumbnailUrl":"http:\/\/www.charles-de-flahaut.fr\/wordpress\/wp-content\/uploads\/2013\/04\/carces_mini-224x300.jpg","datePublished":"2013-04-08T11:43:43+00:00","dateModified":"2024-01-19T10:13:05+00:00","description":"Vous avez une heure \u00e0 consacrer \u00e0 la visite de Carc\u00e8s ?Ne manquez pas le circuit des lavoirs et fontaines.","breadcrumb":{"@id":"https:\/\/www.charles-de-flahaut.fr\/wordpress\/fontaines-et-lavoirs-de-carces-var\/#breadcrumb"},"inLanguage":"fr-FR","potentialAction":[{"@type":"ReadAction","target":["https:\/\/www.charles-de-flahaut.fr\/wordpress\/fontaines-et-lavoirs-de-carces-var\/"]}]},{"@type":"ImageObject","inLanguage":"fr-FR","@id":"https:\/\/www.charles-de-flahaut.fr\/wordpress\/fontaines-et-lavoirs-de-carces-var\/#primaryimage","url":"https:\/\/www.charles-de-flahaut.fr\/wordpress\/wp-content\/uploads\/2013\/04\/carces_mini.jpg","contentUrl":"https:\/\/www.charles-de-flahaut.fr\/wordpress\/wp-content\/uploads\/2013\/04\/carces_mini.jpg","width":"500","height":"667"},{"@type":"BreadcrumbList","@id":"https:\/\/www.charles-de-flahaut.fr\/wordpress\/fontaines-et-lavoirs-de-carces-var\/#breadcrumb","itemListElement":[{"@type":"ListItem","position":1,"name":"Accueil","item":"https:\/\/www.charles-de-flahaut.fr\/wordpress\/"},{"@type":"ListItem","position":2,"name":"Fontaines et lavoirs de Carc\u00e8s (Var)"}]},{"@type":"WebSite","@id":"https:\/\/www.charles-de-flahaut.fr\/wordpress\/#website","url":"https:\/\/www.charles-de-flahaut.fr\/wordpress\/","name":"Histoire de France - Communiqu\u00e9s","description":"Histoire et patrimoine","publisher":{"@id":"https:\/\/www.charles-de-flahaut.fr\/wordpress\/#\/schema\/person\/81011c8b61bc74c05499365a506d49a9"},"potentialAction":[{"@type":"SearchAction","target":{"@type":"EntryPoint","urlTemplate":"https:\/\/www.charles-de-flahaut.fr\/wordpress\/?s={search_term_string}"},"query-input":{"@type":"PropertyValueSpecification","valueRequired":true,"valueName":"search_term_string"}}],"inLanguage":"fr-FR"},{"@type":["Person","Organization"],"@id":"https:\/\/www.charles-de-flahaut.fr\/wordpress\/#\/schema\/person\/81011c8b61bc74c05499365a506d49a9","name":"administrateur","logo":{"@id":"https:\/\/www.charles-de-flahaut.fr\/wordpress\/#\/schema\/person\/image\/"},"sameAs":["http:\/\/www.charles-de-flahaut.fr","https:\/\/www.facebook.com\/Sites.HistoiredeFrance"],"url":"https:\/\/www.charles-de-flahaut.fr\/wordpress\/author\/admin\/"}]}},"views":810,"amp_enabled":true,"_links":{"self":[{"href":"https:\/\/www.charles-de-flahaut.fr\/wordpress\/wp-json\/wp\/v2\/posts\/1406","targetHints":{"allow":["GET"]}}],"collection":[{"href":"https:\/\/www.charles-de-flahaut.fr\/wordpress\/wp-json\/wp\/v2\/posts"}],"about":[{"href":"https:\/\/www.charles-de-flahaut.fr\/wordpress\/wp-json\/wp\/v2\/types\/post"}],"author":[{"embeddable":true,"href":"https:\/\/www.charles-de-flahaut.fr\/wordpress\/wp-json\/wp\/v2\/users\/1"}],"replies":[{"embeddable":true,"href":"https:\/\/www.charles-de-flahaut.fr\/wordpress\/wp-json\/wp\/v2\/comments?post=1406"}],"version-history":[{"count":12,"href":"https:\/\/www.charles-de-flahaut.fr\/wordpress\/wp-json\/wp\/v2\/posts\/1406\/revisions"}],"predecessor-version":[{"id":94887,"href":"https:\/\/www.charles-de-flahaut.fr\/wordpress\/wp-json\/wp\/v2\/posts\/1406\/revisions\/94887"}],"wp:attachment":[{"href":"https:\/\/www.charles-de-flahaut.fr\/wordpress\/wp-json\/wp\/v2\/media?parent=1406"}],"wp:term":[{"taxonomy":"category","embeddable":true,"href":"https:\/\/www.charles-de-flahaut.fr\/wordpress\/wp-json\/wp\/v2\/categories?post=1406"},{"taxonomy":"post_tag","embeddable":true,"href":"https:\/\/www.charles-de-flahaut.fr\/wordpress\/wp-json\/wp\/v2\/tags?post=1406"}],"curies":[{"name":"wp","href":"https:\/\/api.w.org\/{rel}","templated":true}]}}