{"id":1314,"date":"2021-12-01T08:56:39","date_gmt":"2021-12-01T07:56:39","guid":{"rendered":"http:\/\/www.charles-de-flahaut.fr\/wordpress\/?p=1314"},"modified":"2025-02-24T10:50:11","modified_gmt":"2025-02-24T09:50:11","slug":"histoire-de-bor-et-bar-aveyron","status":"publish","type":"post","link":"https:\/\/www.charles-de-flahaut.fr\/wordpress\/histoire-de-bor-et-bar-aveyron\/","title":{"rendered":"Histoire de Bor et Bar (Aveyron)"},"content":{"rendered":"<p>Un nouveau site r\u00e9f\u00e9renc\u00e9 sur <a href=\"http:\/\/www.histoire-communes.jpflahaut.fr\/\" target=\"_blank\" rel=\"noopener noreferrer\">Annuaire Histoire<\/a> :<\/p>\n<p><strong>Histoire de Bor et Bar (Aveyron)<\/strong><br \/>\n<a href=\"https:\/\/boretbar.fr\/histoire\/\" target=\"_blank\" rel=\"noopener\">https:\/\/boretbar.fr\/histoire\/<\/a><\/p>\n<p style=\"text-align: justify;\"><a href=\"https:\/\/www.charles-de-flahaut.fr\/wordpress\/wp-content\/uploads\/2013\/03\/baretbor14b.jpg\"><img loading=\"lazy\" decoding=\"async\" class=\"alignleft size-medium wp-image-67723\" src=\"https:\/\/www.charles-de-flahaut.fr\/wordpress\/wp-content\/uploads\/2013\/03\/baretbor14b-300x225.jpg\" alt=\"\" width=\"300\" height=\"225\" srcset=\"https:\/\/www.charles-de-flahaut.fr\/wordpress\/wp-content\/uploads\/2013\/03\/baretbor14b-300x225.jpg 300w, https:\/\/www.charles-de-flahaut.fr\/wordpress\/wp-content\/uploads\/2013\/03\/baretbor14b.jpg 650w\" sizes=\"auto, (max-width: 300px) 100vw, 300px\" \/><\/a>En 1259, Bor \u00e9tait la propri\u00e9t\u00e9 de Raymond Bernard de Najac, le bourgeois Bernard et Gu\u00e9raud de Combelles. Le prieur\u00e9 St Pierre fut associ\u00e9 au ch\u00e2pitre de Rodez en 1422 par le pape Martin V&#8230;<a href=\"http:\/\/En 1259, Bor \u00e9tait la propri\u00e9t\u00e9 de Raymond Bernard de Najac, le bourgeois Bernard et Gu\u00e9raud de Combelles. Le prieur\u00e9 St Pierre fut associ\u00e9 au ch\u00e2pitre de Rodez en 1422 par le pape Martin V... lire la suite Le nom de Bar provient du mot &quot;barro&quot; signifiant &quot;hauteur&quot; en celtique. Des oppidums gaulois datant du 1er si\u00e8cle avant J\u00e9sus Christ sont visibles au sud de Bor. Les seigneurs ancr\u00e9s dans cette r\u00e9gion au moyen \u00e2ge montrent l'importance de la vall\u00e9e du Viaur \u00e0 cette \u00e9poque... lire la suite\" target=\"_blank\" rel=\"noopener\"><em> lire la suite<\/em><\/a><\/p>\n<p style=\"text-align: justify;\">Le nom de Bar provient du mot \u00ab\u00a0barro\u00a0\u00bb signifiant \u00ab\u00a0hauteur\u00a0\u00bb en celtique.<br \/>\nDes oppidums gaulois datant du 1er si\u00e8cle avant J\u00e9sus Christ sont visibles au sud de Bor.<br \/>\nLes seigneurs ancr\u00e9s dans cette r\u00e9gion au moyen \u00e2ge montrent l&rsquo;importance de la vall\u00e9e du Viaur \u00e0 cette \u00e9poque&#8230; <em>lire la suite<\/em><\/p>\n<p>&nbsp;<\/p>\n<p>D\u00e9couvrez le patrimoine de Bor et Bar, ses \u00e9glises, ses ponts et son ch\u00e2teau (rubrique patrimoine du site)<\/p>\n<p style=\"text-align: center;\"><a href=\"https:\/\/amzn.to\/3CSZIrr\" target=\"_blank\" rel=\"noopener\"><strong>Ouvrages sur l&rsquo;Aveyron<\/strong><\/a><\/p>\n<p><a href=\"https:\/\/amzn.to\/3CSZIrr\" target=\"_blank\" rel=\"noopener\"><img loading=\"lazy\" decoding=\"async\" class=\"aligncenter size-full wp-image-100240\" src=\"https:\/\/www.charles-de-flahaut.fr\/wordpress\/wp-content\/uploads\/2025\/02\/aveyron1.jpg\" alt=\"\" width=\"295\" height=\"445\" srcset=\"https:\/\/www.charles-de-flahaut.fr\/wordpress\/wp-content\/uploads\/2025\/02\/aveyron1.jpg 295w, https:\/\/www.charles-de-flahaut.fr\/wordpress\/wp-content\/uploads\/2025\/02\/aveyron1-199x300.jpg 199w\" sizes=\"auto, (max-width: 295px) 100vw, 295px\" \/><\/a><\/p>\n","protected":false},"excerpt":{"rendered":"<p>Un nouveau site r\u00e9f\u00e9renc\u00e9 sur Annuaire Histoire : Histoire de Bor et Bar (Aveyron) https:\/\/boretbar.fr\/histoire\/ En 1259, Bor \u00e9tait la propri\u00e9t\u00e9 de Raymond Bernard de Najac, le bourgeois Bernard et Gu\u00e9raud de Combelles. Le prieur\u00e9 St Pierre fut associ\u00e9 au ch\u00e2pitre de Rodez en 1422 par le pape Martin V&#8230; lire la suite Le nom &hellip; <\/p>\n<p><a class=\"more-link btn\" href=\"https:\/\/www.charles-de-flahaut.fr\/wordpress\/histoire-de-bor-et-bar-aveyron\/\">Lire la suite<\/a><\/p>\n","protected":false},"author":1,"featured_media":0,"comment_status":"open","ping_status":"open","sticky":false,"template":"","format":"standard","meta":{"footnotes":""},"categories":[101,16,8],"tags":[],"class_list":["post-1314","post","type-post","status-publish","format-standard","hentry","category-12-aveyron","category-histoire-regionale","category-patrimoine","item-wrap"],"yoast_head":"<!-- This site is optimized with the Yoast SEO plugin v27.4 - https:\/\/yoast.com\/product\/yoast-seo-wordpress\/ -->\n<title>Histoire de Bor et Bar (Aveyron) - Histoire de France - Communiqu\u00e9s<\/title>\n<meta name=\"description\" content=\"En 1259, Bor \u00e9tait la propri\u00e9t\u00e9 de Raymond Bernard de Najac, le bourgeois Bernard et Gu\u00e9raud de Combelles. Le prieur\u00e9 St Pierre fut associ\u00e9 au ch\u00e2pitre de Rodez en 1422 par le pape Martin V\" \/>\n<meta name=\"robots\" content=\"index, follow, max-snippet:-1, max-image-preview:large, max-video-preview:-1\" \/>\n<link rel=\"canonical\" href=\"https:\/\/www.charles-de-flahaut.fr\/wordpress\/histoire-de-bor-et-bar-aveyron\/\" \/>\n<meta property=\"og:locale\" content=\"fr_FR\" \/>\n<meta property=\"og:type\" content=\"article\" \/>\n<meta property=\"og:title\" content=\"Histoire de Bor et Bar (Aveyron) - Histoire de France - Communiqu\u00e9s\" \/>\n<meta property=\"og:description\" content=\"En 1259, Bor \u00e9tait la propri\u00e9t\u00e9 de Raymond Bernard de Najac, le bourgeois Bernard et Gu\u00e9raud de Combelles. Le prieur\u00e9 St Pierre fut associ\u00e9 au ch\u00e2pitre de Rodez en 1422 par le pape Martin V\" \/>\n<meta property=\"og:url\" content=\"https:\/\/www.charles-de-flahaut.fr\/wordpress\/histoire-de-bor-et-bar-aveyron\/\" \/>\n<meta property=\"og:site_name\" content=\"Histoire de France - Communiqu\u00e9s\" \/>\n<meta property=\"article:publisher\" content=\"https:\/\/www.facebook.com\/Sites.HistoiredeFrance\" \/>\n<meta property=\"article:author\" content=\"https:\/\/www.facebook.com\/Sites.HistoiredeFrance\" \/>\n<meta property=\"article:published_time\" content=\"2021-12-01T07:56:39+00:00\" \/>\n<meta property=\"article:modified_time\" content=\"2025-02-24T09:50:11+00:00\" \/>\n<meta property=\"og:image\" content=\"https:\/\/www.charles-de-flahaut.fr\/wordpress\/wp-content\/uploads\/2013\/03\/baretbor14b.jpg\" \/>\n\t<meta property=\"og:image:width\" content=\"650\" \/>\n\t<meta property=\"og:image:height\" content=\"488\" \/>\n\t<meta property=\"og:image:type\" content=\"image\/jpeg\" \/>\n<meta name=\"author\" content=\"administrateur\" \/>\n<meta name=\"twitter:card\" content=\"summary_large_image\" \/>\n<meta name=\"twitter:label1\" content=\"\u00c9crit par\" \/>\n\t<meta name=\"twitter:data1\" content=\"administrateur\" \/>\n\t<meta name=\"twitter:label2\" content=\"Dur\u00e9e de lecture estim\u00e9e\" \/>\n\t<meta name=\"twitter:data2\" content=\"2 minutes\" \/>\n<script type=\"application\/ld+json\" class=\"yoast-schema-graph\">{\"@context\":\"https:\\\/\\\/schema.org\",\"@graph\":[{\"@type\":\"Article\",\"@id\":\"https:\\\/\\\/www.charles-de-flahaut.fr\\\/wordpress\\\/histoire-de-bor-et-bar-aveyron\\\/#article\",\"isPartOf\":{\"@id\":\"https:\\\/\\\/www.charles-de-flahaut.fr\\\/wordpress\\\/histoire-de-bor-et-bar-aveyron\\\/\"},\"author\":{\"name\":\"administrateur\",\"@id\":\"https:\\\/\\\/www.charles-de-flahaut.fr\\\/wordpress\\\/#\\\/schema\\\/person\\\/81011c8b61bc74c05499365a506d49a9\"},\"headline\":\"Histoire de Bor et Bar (Aveyron)\",\"datePublished\":\"2021-12-01T07:56:39+00:00\",\"dateModified\":\"2025-02-24T09:50:11+00:00\",\"mainEntityOfPage\":{\"@id\":\"https:\\\/\\\/www.charles-de-flahaut.fr\\\/wordpress\\\/histoire-de-bor-et-bar-aveyron\\\/\"},\"wordCount\":144,\"commentCount\":0,\"publisher\":{\"@id\":\"https:\\\/\\\/www.charles-de-flahaut.fr\\\/wordpress\\\/#\\\/schema\\\/person\\\/81011c8b61bc74c05499365a506d49a9\"},\"image\":{\"@id\":\"https:\\\/\\\/www.charles-de-flahaut.fr\\\/wordpress\\\/histoire-de-bor-et-bar-aveyron\\\/#primaryimage\"},\"thumbnailUrl\":\"https:\\\/\\\/www.charles-de-flahaut.fr\\\/wordpress\\\/wp-content\\\/uploads\\\/2013\\\/03\\\/baretbor14b-300x225.jpg\",\"articleSection\":[\"12 - Aveyron\",\"histoire locale\",\"patrimoine\"],\"inLanguage\":\"fr-FR\",\"potentialAction\":[{\"@type\":\"CommentAction\",\"name\":\"Comment\",\"target\":[\"https:\\\/\\\/www.charles-de-flahaut.fr\\\/wordpress\\\/histoire-de-bor-et-bar-aveyron\\\/#respond\"]}]},{\"@type\":\"WebPage\",\"@id\":\"https:\\\/\\\/www.charles-de-flahaut.fr\\\/wordpress\\\/histoire-de-bor-et-bar-aveyron\\\/\",\"url\":\"https:\\\/\\\/www.charles-de-flahaut.fr\\\/wordpress\\\/histoire-de-bor-et-bar-aveyron\\\/\",\"name\":\"Histoire de Bor et Bar (Aveyron) - Histoire de France - Communiqu\u00e9s\",\"isPartOf\":{\"@id\":\"https:\\\/\\\/www.charles-de-flahaut.fr\\\/wordpress\\\/#website\"},\"primaryImageOfPage\":{\"@id\":\"https:\\\/\\\/www.charles-de-flahaut.fr\\\/wordpress\\\/histoire-de-bor-et-bar-aveyron\\\/#primaryimage\"},\"image\":{\"@id\":\"https:\\\/\\\/www.charles-de-flahaut.fr\\\/wordpress\\\/histoire-de-bor-et-bar-aveyron\\\/#primaryimage\"},\"thumbnailUrl\":\"https:\\\/\\\/www.charles-de-flahaut.fr\\\/wordpress\\\/wp-content\\\/uploads\\\/2013\\\/03\\\/baretbor14b-300x225.jpg\",\"datePublished\":\"2021-12-01T07:56:39+00:00\",\"dateModified\":\"2025-02-24T09:50:11+00:00\",\"description\":\"En 1259, Bor \u00e9tait la propri\u00e9t\u00e9 de Raymond Bernard de Najac, le bourgeois Bernard et Gu\u00e9raud de Combelles. Le prieur\u00e9 St Pierre fut associ\u00e9 au ch\u00e2pitre de Rodez en 1422 par le pape Martin V\",\"breadcrumb\":{\"@id\":\"https:\\\/\\\/www.charles-de-flahaut.fr\\\/wordpress\\\/histoire-de-bor-et-bar-aveyron\\\/#breadcrumb\"},\"inLanguage\":\"fr-FR\",\"potentialAction\":[{\"@type\":\"ReadAction\",\"target\":[\"https:\\\/\\\/www.charles-de-flahaut.fr\\\/wordpress\\\/histoire-de-bor-et-bar-aveyron\\\/\"]}]},{\"@type\":\"ImageObject\",\"inLanguage\":\"fr-FR\",\"@id\":\"https:\\\/\\\/www.charles-de-flahaut.fr\\\/wordpress\\\/histoire-de-bor-et-bar-aveyron\\\/#primaryimage\",\"url\":\"https:\\\/\\\/www.charles-de-flahaut.fr\\\/wordpress\\\/wp-content\\\/uploads\\\/2013\\\/03\\\/baretbor14b.jpg\",\"contentUrl\":\"https:\\\/\\\/www.charles-de-flahaut.fr\\\/wordpress\\\/wp-content\\\/uploads\\\/2013\\\/03\\\/baretbor14b.jpg\",\"width\":650,\"height\":488},{\"@type\":\"BreadcrumbList\",\"@id\":\"https:\\\/\\\/www.charles-de-flahaut.fr\\\/wordpress\\\/histoire-de-bor-et-bar-aveyron\\\/#breadcrumb\",\"itemListElement\":[{\"@type\":\"ListItem\",\"position\":1,\"name\":\"Accueil\",\"item\":\"https:\\\/\\\/www.charles-de-flahaut.fr\\\/wordpress\\\/\"},{\"@type\":\"ListItem\",\"position\":2,\"name\":\"Histoire de Bor et Bar (Aveyron)\"}]},{\"@type\":\"WebSite\",\"@id\":\"https:\\\/\\\/www.charles-de-flahaut.fr\\\/wordpress\\\/#website\",\"url\":\"https:\\\/\\\/www.charles-de-flahaut.fr\\\/wordpress\\\/\",\"name\":\"Histoire de France - Communiqu\u00e9s\",\"description\":\"Histoire et patrimoine\",\"publisher\":{\"@id\":\"https:\\\/\\\/www.charles-de-flahaut.fr\\\/wordpress\\\/#\\\/schema\\\/person\\\/81011c8b61bc74c05499365a506d49a9\"},\"potentialAction\":[{\"@type\":\"SearchAction\",\"target\":{\"@type\":\"EntryPoint\",\"urlTemplate\":\"https:\\\/\\\/www.charles-de-flahaut.fr\\\/wordpress\\\/?s={search_term_string}\"},\"query-input\":{\"@type\":\"PropertyValueSpecification\",\"valueRequired\":true,\"valueName\":\"search_term_string\"}}],\"inLanguage\":\"fr-FR\"},{\"@type\":[\"Person\",\"Organization\"],\"@id\":\"https:\\\/\\\/www.charles-de-flahaut.fr\\\/wordpress\\\/#\\\/schema\\\/person\\\/81011c8b61bc74c05499365a506d49a9\",\"name\":\"administrateur\",\"logo\":{\"@id\":\"https:\\\/\\\/www.charles-de-flahaut.fr\\\/wordpress\\\/#\\\/schema\\\/person\\\/image\\\/\"},\"sameAs\":[\"http:\\\/\\\/www.charles-de-flahaut.fr\",\"https:\\\/\\\/www.facebook.com\\\/Sites.HistoiredeFrance\"],\"url\":\"https:\\\/\\\/www.charles-de-flahaut.fr\\\/wordpress\\\/author\\\/admin\\\/\"}]}<\/script>\n<!-- \/ Yoast SEO plugin. -->","yoast_head_json":{"title":"Histoire de Bor et Bar (Aveyron) - Histoire de France - Communiqu\u00e9s","description":"En 1259, Bor \u00e9tait la propri\u00e9t\u00e9 de Raymond Bernard de Najac, le bourgeois Bernard et Gu\u00e9raud de Combelles. Le prieur\u00e9 St Pierre fut associ\u00e9 au ch\u00e2pitre de Rodez en 1422 par le pape Martin V","robots":{"index":"index","follow":"follow","max-snippet":"max-snippet:-1","max-image-preview":"max-image-preview:large","max-video-preview":"max-video-preview:-1"},"canonical":"https:\/\/www.charles-de-flahaut.fr\/wordpress\/histoire-de-bor-et-bar-aveyron\/","og_locale":"fr_FR","og_type":"article","og_title":"Histoire de Bor et Bar (Aveyron) - Histoire de France - Communiqu\u00e9s","og_description":"En 1259, Bor \u00e9tait la propri\u00e9t\u00e9 de Raymond Bernard de Najac, le bourgeois Bernard et Gu\u00e9raud de Combelles. Le prieur\u00e9 St Pierre fut associ\u00e9 au ch\u00e2pitre de Rodez en 1422 par le pape Martin V","og_url":"https:\/\/www.charles-de-flahaut.fr\/wordpress\/histoire-de-bor-et-bar-aveyron\/","og_site_name":"Histoire de France - Communiqu\u00e9s","article_publisher":"https:\/\/www.facebook.com\/Sites.HistoiredeFrance","article_author":"https:\/\/www.facebook.com\/Sites.HistoiredeFrance","article_published_time":"2021-12-01T07:56:39+00:00","article_modified_time":"2025-02-24T09:50:11+00:00","og_image":[{"width":650,"height":488,"url":"https:\/\/www.charles-de-flahaut.fr\/wordpress\/wp-content\/uploads\/2013\/03\/baretbor14b.jpg","type":"image\/jpeg"}],"author":"administrateur","twitter_card":"summary_large_image","twitter_misc":{"\u00c9crit par":"administrateur","Dur\u00e9e de lecture estim\u00e9e":"2 minutes"},"schema":{"@context":"https:\/\/schema.org","@graph":[{"@type":"Article","@id":"https:\/\/www.charles-de-flahaut.fr\/wordpress\/histoire-de-bor-et-bar-aveyron\/#article","isPartOf":{"@id":"https:\/\/www.charles-de-flahaut.fr\/wordpress\/histoire-de-bor-et-bar-aveyron\/"},"author":{"name":"administrateur","@id":"https:\/\/www.charles-de-flahaut.fr\/wordpress\/#\/schema\/person\/81011c8b61bc74c05499365a506d49a9"},"headline":"Histoire de Bor et Bar (Aveyron)","datePublished":"2021-12-01T07:56:39+00:00","dateModified":"2025-02-24T09:50:11+00:00","mainEntityOfPage":{"@id":"https:\/\/www.charles-de-flahaut.fr\/wordpress\/histoire-de-bor-et-bar-aveyron\/"},"wordCount":144,"commentCount":0,"publisher":{"@id":"https:\/\/www.charles-de-flahaut.fr\/wordpress\/#\/schema\/person\/81011c8b61bc74c05499365a506d49a9"},"image":{"@id":"https:\/\/www.charles-de-flahaut.fr\/wordpress\/histoire-de-bor-et-bar-aveyron\/#primaryimage"},"thumbnailUrl":"https:\/\/www.charles-de-flahaut.fr\/wordpress\/wp-content\/uploads\/2013\/03\/baretbor14b-300x225.jpg","articleSection":["12 - Aveyron","histoire locale","patrimoine"],"inLanguage":"fr-FR","potentialAction":[{"@type":"CommentAction","name":"Comment","target":["https:\/\/www.charles-de-flahaut.fr\/wordpress\/histoire-de-bor-et-bar-aveyron\/#respond"]}]},{"@type":"WebPage","@id":"https:\/\/www.charles-de-flahaut.fr\/wordpress\/histoire-de-bor-et-bar-aveyron\/","url":"https:\/\/www.charles-de-flahaut.fr\/wordpress\/histoire-de-bor-et-bar-aveyron\/","name":"Histoire de Bor et Bar (Aveyron) - Histoire de France - Communiqu\u00e9s","isPartOf":{"@id":"https:\/\/www.charles-de-flahaut.fr\/wordpress\/#website"},"primaryImageOfPage":{"@id":"https:\/\/www.charles-de-flahaut.fr\/wordpress\/histoire-de-bor-et-bar-aveyron\/#primaryimage"},"image":{"@id":"https:\/\/www.charles-de-flahaut.fr\/wordpress\/histoire-de-bor-et-bar-aveyron\/#primaryimage"},"thumbnailUrl":"https:\/\/www.charles-de-flahaut.fr\/wordpress\/wp-content\/uploads\/2013\/03\/baretbor14b-300x225.jpg","datePublished":"2021-12-01T07:56:39+00:00","dateModified":"2025-02-24T09:50:11+00:00","description":"En 1259, Bor \u00e9tait la propri\u00e9t\u00e9 de Raymond Bernard de Najac, le bourgeois Bernard et Gu\u00e9raud de Combelles. Le prieur\u00e9 St Pierre fut associ\u00e9 au ch\u00e2pitre de Rodez en 1422 par le pape Martin V","breadcrumb":{"@id":"https:\/\/www.charles-de-flahaut.fr\/wordpress\/histoire-de-bor-et-bar-aveyron\/#breadcrumb"},"inLanguage":"fr-FR","potentialAction":[{"@type":"ReadAction","target":["https:\/\/www.charles-de-flahaut.fr\/wordpress\/histoire-de-bor-et-bar-aveyron\/"]}]},{"@type":"ImageObject","inLanguage":"fr-FR","@id":"https:\/\/www.charles-de-flahaut.fr\/wordpress\/histoire-de-bor-et-bar-aveyron\/#primaryimage","url":"https:\/\/www.charles-de-flahaut.fr\/wordpress\/wp-content\/uploads\/2013\/03\/baretbor14b.jpg","contentUrl":"https:\/\/www.charles-de-flahaut.fr\/wordpress\/wp-content\/uploads\/2013\/03\/baretbor14b.jpg","width":650,"height":488},{"@type":"BreadcrumbList","@id":"https:\/\/www.charles-de-flahaut.fr\/wordpress\/histoire-de-bor-et-bar-aveyron\/#breadcrumb","itemListElement":[{"@type":"ListItem","position":1,"name":"Accueil","item":"https:\/\/www.charles-de-flahaut.fr\/wordpress\/"},{"@type":"ListItem","position":2,"name":"Histoire de Bor et Bar (Aveyron)"}]},{"@type":"WebSite","@id":"https:\/\/www.charles-de-flahaut.fr\/wordpress\/#website","url":"https:\/\/www.charles-de-flahaut.fr\/wordpress\/","name":"Histoire de France - Communiqu\u00e9s","description":"Histoire et patrimoine","publisher":{"@id":"https:\/\/www.charles-de-flahaut.fr\/wordpress\/#\/schema\/person\/81011c8b61bc74c05499365a506d49a9"},"potentialAction":[{"@type":"SearchAction","target":{"@type":"EntryPoint","urlTemplate":"https:\/\/www.charles-de-flahaut.fr\/wordpress\/?s={search_term_string}"},"query-input":{"@type":"PropertyValueSpecification","valueRequired":true,"valueName":"search_term_string"}}],"inLanguage":"fr-FR"},{"@type":["Person","Organization"],"@id":"https:\/\/www.charles-de-flahaut.fr\/wordpress\/#\/schema\/person\/81011c8b61bc74c05499365a506d49a9","name":"administrateur","logo":{"@id":"https:\/\/www.charles-de-flahaut.fr\/wordpress\/#\/schema\/person\/image\/"},"sameAs":["http:\/\/www.charles-de-flahaut.fr","https:\/\/www.facebook.com\/Sites.HistoiredeFrance"],"url":"https:\/\/www.charles-de-flahaut.fr\/wordpress\/author\/admin\/"}]}},"views":943,"amp_enabled":true,"_links":{"self":[{"href":"https:\/\/www.charles-de-flahaut.fr\/wordpress\/wp-json\/wp\/v2\/posts\/1314","targetHints":{"allow":["GET"]}}],"collection":[{"href":"https:\/\/www.charles-de-flahaut.fr\/wordpress\/wp-json\/wp\/v2\/posts"}],"about":[{"href":"https:\/\/www.charles-de-flahaut.fr\/wordpress\/wp-json\/wp\/v2\/types\/post"}],"author":[{"embeddable":true,"href":"https:\/\/www.charles-de-flahaut.fr\/wordpress\/wp-json\/wp\/v2\/users\/1"}],"replies":[{"embeddable":true,"href":"https:\/\/www.charles-de-flahaut.fr\/wordpress\/wp-json\/wp\/v2\/comments?post=1314"}],"version-history":[{"count":8,"href":"https:\/\/www.charles-de-flahaut.fr\/wordpress\/wp-json\/wp\/v2\/posts\/1314\/revisions"}],"predecessor-version":[{"id":100241,"href":"https:\/\/www.charles-de-flahaut.fr\/wordpress\/wp-json\/wp\/v2\/posts\/1314\/revisions\/100241"}],"wp:attachment":[{"href":"https:\/\/www.charles-de-flahaut.fr\/wordpress\/wp-json\/wp\/v2\/media?parent=1314"}],"wp:term":[{"taxonomy":"category","embeddable":true,"href":"https:\/\/www.charles-de-flahaut.fr\/wordpress\/wp-json\/wp\/v2\/categories?post=1314"},{"taxonomy":"post_tag","embeddable":true,"href":"https:\/\/www.charles-de-flahaut.fr\/wordpress\/wp-json\/wp\/v2\/tags?post=1314"}],"curies":[{"name":"wp","href":"https:\/\/api.w.org\/{rel}","templated":true}]}}