{"id":130,"date":"2012-11-30T14:29:49","date_gmt":"2012-11-30T13:29:49","guid":{"rendered":"http:\/\/www.charles-de-flahaut.fr\/wordpress\/?p=130"},"modified":"2024-01-12T10:06:14","modified_gmt":"2024-01-12T09:06:14","slug":"cite-medievale-de-provins","status":"publish","type":"post","link":"https:\/\/www.charles-de-flahaut.fr\/wordpress\/cite-medievale-de-provins\/","title":{"rendered":"Cit\u00e9 m\u00e9di\u00e9vale de Provins"},"content":{"rendered":"<p><em>un nouveau site r\u00e9f\u00e9renc\u00e9 sur <a href=\"http:\/\/www.histoire-communes.jpflahaut.fr\/\" target=\"_blank\" rel=\"noopener\">Histoire et patrimoine des villes et villages de France<\/a><\/em>\u00a0:<\/p>\n<p><strong>Cit\u00e9 m\u00e9di\u00e9vale de Provins<\/strong><br \/>\n<a href=\"http:\/\/www.provins.net\/\" target=\"_blank\" rel=\"noopener\">http:\/\/www.provins.net\/<\/a><\/p>\n<p>Site officiel de l&rsquo;Office de Tourisme de Provins, cit\u00e9 m\u00e9di\u00e9vale class\u00e9e Patrimoine de l&rsquo;Unesco.<br \/>\nMonuments, spectacles historiques, visites guid\u00e9es et \u00e9v\u00e9nements tout au long de l&rsquo;ann\u00e9e pour un v\u00e9ritable voyage au Moyen \u00c2ge !<\/p>\n<p style=\"text-align: center;\"><a href=\"http:\/\/www.charles-de-flahaut.fr\/wordpress\/wp-content\/uploads\/2012\/11\/provins.jpg\"><img loading=\"lazy\" decoding=\"async\" class=\"size-medium wp-image-131 aligncenter\" title=\"provins\" src=\"http:\/\/www.charles-de-flahaut.fr\/wordpress\/wp-content\/uploads\/2012\/11\/provins-300x159.jpg\" alt=\"\" width=\"300\" height=\"159\" srcset=\"https:\/\/www.charles-de-flahaut.fr\/wordpress\/wp-content\/uploads\/2012\/11\/provins-300x159.jpg 300w, https:\/\/www.charles-de-flahaut.fr\/wordpress\/wp-content\/uploads\/2012\/11\/provins.jpg 583w\" sizes=\"auto, (max-width: 300px) 100vw, 300px\" \/><\/a><\/p>\n<p>&nbsp;<\/p>\n<p><a href=\"https:\/\/amzn.to\/4aPTODj\" target=\"_blank\" rel=\"noopener\"><strong>Ouvrages sur Provins<\/strong><\/a><\/p>\n","protected":false},"excerpt":{"rendered":"<p>un nouveau site r\u00e9f\u00e9renc\u00e9 sur Histoire et patrimoine des villes et villages de France\u00a0: Cit\u00e9 m\u00e9di\u00e9vale de Provins http:\/\/www.provins.net\/ Site officiel de l&rsquo;Office de Tourisme de Provins, cit\u00e9 m\u00e9di\u00e9vale class\u00e9e Patrimoine de l&rsquo;Unesco. Monuments, spectacles historiques, visites guid\u00e9es et \u00e9v\u00e9nements tout au long de l&rsquo;ann\u00e9e pour un v\u00e9ritable voyage au Moyen \u00c2ge ! &nbsp; Ouvrages &hellip; <\/p>\n<p><a class=\"more-link btn\" href=\"https:\/\/www.charles-de-flahaut.fr\/wordpress\/cite-medievale-de-provins\/\">Lire la suite<\/a><\/p>\n","protected":false},"author":1,"featured_media":0,"comment_status":"open","ping_status":"open","sticky":false,"template":"","format":"standard","meta":{"footnotes":""},"categories":[165,5,16,15,8],"tags":[],"class_list":["post-130","post","type-post","status-publish","format-standard","hentry","category-76-seine-maritime","category-expositions","category-histoire-regionale","category-musees","category-patrimoine","item-wrap"],"yoast_head":"<!-- This site is optimized with the Yoast SEO plugin v27.4 - https:\/\/yoast.com\/product\/yoast-seo-wordpress\/ -->\n<title>Cit\u00e9 m\u00e9di\u00e9vale de Provins - Histoire de France - Communiqu\u00e9s<\/title>\n<meta name=\"description\" content=\"Site officiel de l&#039;Office de Tourisme de Provins, cit\u00e9 m\u00e9di\u00e9vale class\u00e9e Patrimoine de l&#039;Unesco.Monuments, spectacles historiques\" \/>\n<meta name=\"robots\" content=\"index, follow, max-snippet:-1, max-image-preview:large, max-video-preview:-1\" \/>\n<link rel=\"canonical\" href=\"https:\/\/www.charles-de-flahaut.fr\/wordpress\/cite-medievale-de-provins\/\" \/>\n<meta property=\"og:locale\" content=\"fr_FR\" \/>\n<meta property=\"og:type\" content=\"article\" \/>\n<meta property=\"og:title\" content=\"Cit\u00e9 m\u00e9di\u00e9vale de Provins - Histoire de France - Communiqu\u00e9s\" \/>\n<meta property=\"og:description\" content=\"Site officiel de l&#039;Office de Tourisme de Provins, cit\u00e9 m\u00e9di\u00e9vale class\u00e9e Patrimoine de l&#039;Unesco.Monuments, spectacles historiques\" \/>\n<meta property=\"og:url\" content=\"https:\/\/www.charles-de-flahaut.fr\/wordpress\/cite-medievale-de-provins\/\" \/>\n<meta property=\"og:site_name\" content=\"Histoire de France - Communiqu\u00e9s\" \/>\n<meta property=\"article:publisher\" content=\"https:\/\/www.facebook.com\/Sites.HistoiredeFrance\" \/>\n<meta property=\"article:author\" content=\"https:\/\/www.facebook.com\/Sites.HistoiredeFrance\" \/>\n<meta property=\"article:published_time\" content=\"2012-11-30T13:29:49+00:00\" \/>\n<meta property=\"article:modified_time\" content=\"2024-01-12T09:06:14+00:00\" \/>\n<meta property=\"og:image\" content=\"http:\/\/www.charles-de-flahaut.fr\/wordpress\/wp-content\/uploads\/2012\/11\/provins-300x159.jpg\" \/>\n<meta name=\"author\" content=\"administrateur\" \/>\n<meta name=\"twitter:card\" content=\"summary_large_image\" \/>\n<meta name=\"twitter:label1\" content=\"\u00c9crit par\" \/>\n\t<meta name=\"twitter:data1\" content=\"administrateur\" \/>\n\t<meta name=\"twitter:label2\" content=\"Dur\u00e9e de lecture estim\u00e9e\" \/>\n\t<meta name=\"twitter:data2\" content=\"1 minute\" \/>\n<script type=\"application\/ld+json\" class=\"yoast-schema-graph\">{\"@context\":\"https:\\\/\\\/schema.org\",\"@graph\":[{\"@type\":\"Article\",\"@id\":\"https:\\\/\\\/www.charles-de-flahaut.fr\\\/wordpress\\\/cite-medievale-de-provins\\\/#article\",\"isPartOf\":{\"@id\":\"https:\\\/\\\/www.charles-de-flahaut.fr\\\/wordpress\\\/cite-medievale-de-provins\\\/\"},\"author\":{\"name\":\"administrateur\",\"@id\":\"https:\\\/\\\/www.charles-de-flahaut.fr\\\/wordpress\\\/#\\\/schema\\\/person\\\/81011c8b61bc74c05499365a506d49a9\"},\"headline\":\"Cit\u00e9 m\u00e9di\u00e9vale de Provins\",\"datePublished\":\"2012-11-30T13:29:49+00:00\",\"dateModified\":\"2024-01-12T09:06:14+00:00\",\"mainEntityOfPage\":{\"@id\":\"https:\\\/\\\/www.charles-de-flahaut.fr\\\/wordpress\\\/cite-medievale-de-provins\\\/\"},\"wordCount\":79,\"commentCount\":0,\"publisher\":{\"@id\":\"https:\\\/\\\/www.charles-de-flahaut.fr\\\/wordpress\\\/#\\\/schema\\\/person\\\/81011c8b61bc74c05499365a506d49a9\"},\"image\":{\"@id\":\"https:\\\/\\\/www.charles-de-flahaut.fr\\\/wordpress\\\/cite-medievale-de-provins\\\/#primaryimage\"},\"thumbnailUrl\":\"http:\\\/\\\/www.charles-de-flahaut.fr\\\/wordpress\\\/wp-content\\\/uploads\\\/2012\\\/11\\\/provins-300x159.jpg\",\"articleSection\":[\"76 - Seine-Maritime\",\"expositions\",\"histoire locale\",\"Mus\u00e9es\",\"patrimoine\"],\"inLanguage\":\"fr-FR\",\"potentialAction\":[{\"@type\":\"CommentAction\",\"name\":\"Comment\",\"target\":[\"https:\\\/\\\/www.charles-de-flahaut.fr\\\/wordpress\\\/cite-medievale-de-provins\\\/#respond\"]}]},{\"@type\":\"WebPage\",\"@id\":\"https:\\\/\\\/www.charles-de-flahaut.fr\\\/wordpress\\\/cite-medievale-de-provins\\\/\",\"url\":\"https:\\\/\\\/www.charles-de-flahaut.fr\\\/wordpress\\\/cite-medievale-de-provins\\\/\",\"name\":\"Cit\u00e9 m\u00e9di\u00e9vale de Provins - Histoire de France - Communiqu\u00e9s\",\"isPartOf\":{\"@id\":\"https:\\\/\\\/www.charles-de-flahaut.fr\\\/wordpress\\\/#website\"},\"primaryImageOfPage\":{\"@id\":\"https:\\\/\\\/www.charles-de-flahaut.fr\\\/wordpress\\\/cite-medievale-de-provins\\\/#primaryimage\"},\"image\":{\"@id\":\"https:\\\/\\\/www.charles-de-flahaut.fr\\\/wordpress\\\/cite-medievale-de-provins\\\/#primaryimage\"},\"thumbnailUrl\":\"http:\\\/\\\/www.charles-de-flahaut.fr\\\/wordpress\\\/wp-content\\\/uploads\\\/2012\\\/11\\\/provins-300x159.jpg\",\"datePublished\":\"2012-11-30T13:29:49+00:00\",\"dateModified\":\"2024-01-12T09:06:14+00:00\",\"description\":\"Site officiel de l'Office de Tourisme de Provins, cit\u00e9 m\u00e9di\u00e9vale class\u00e9e Patrimoine de l'Unesco.Monuments, spectacles historiques\",\"breadcrumb\":{\"@id\":\"https:\\\/\\\/www.charles-de-flahaut.fr\\\/wordpress\\\/cite-medievale-de-provins\\\/#breadcrumb\"},\"inLanguage\":\"fr-FR\",\"potentialAction\":[{\"@type\":\"ReadAction\",\"target\":[\"https:\\\/\\\/www.charles-de-flahaut.fr\\\/wordpress\\\/cite-medievale-de-provins\\\/\"]}]},{\"@type\":\"ImageObject\",\"inLanguage\":\"fr-FR\",\"@id\":\"https:\\\/\\\/www.charles-de-flahaut.fr\\\/wordpress\\\/cite-medievale-de-provins\\\/#primaryimage\",\"url\":\"https:\\\/\\\/www.charles-de-flahaut.fr\\\/wordpress\\\/wp-content\\\/uploads\\\/2012\\\/11\\\/provins.jpg\",\"contentUrl\":\"https:\\\/\\\/www.charles-de-flahaut.fr\\\/wordpress\\\/wp-content\\\/uploads\\\/2012\\\/11\\\/provins.jpg\",\"width\":\"583\",\"height\":\"310\"},{\"@type\":\"BreadcrumbList\",\"@id\":\"https:\\\/\\\/www.charles-de-flahaut.fr\\\/wordpress\\\/cite-medievale-de-provins\\\/#breadcrumb\",\"itemListElement\":[{\"@type\":\"ListItem\",\"position\":1,\"name\":\"Accueil\",\"item\":\"https:\\\/\\\/www.charles-de-flahaut.fr\\\/wordpress\\\/\"},{\"@type\":\"ListItem\",\"position\":2,\"name\":\"Cit\u00e9 m\u00e9di\u00e9vale de Provins\"}]},{\"@type\":\"WebSite\",\"@id\":\"https:\\\/\\\/www.charles-de-flahaut.fr\\\/wordpress\\\/#website\",\"url\":\"https:\\\/\\\/www.charles-de-flahaut.fr\\\/wordpress\\\/\",\"name\":\"Histoire de France - Communiqu\u00e9s\",\"description\":\"Histoire et patrimoine\",\"publisher\":{\"@id\":\"https:\\\/\\\/www.charles-de-flahaut.fr\\\/wordpress\\\/#\\\/schema\\\/person\\\/81011c8b61bc74c05499365a506d49a9\"},\"potentialAction\":[{\"@type\":\"SearchAction\",\"target\":{\"@type\":\"EntryPoint\",\"urlTemplate\":\"https:\\\/\\\/www.charles-de-flahaut.fr\\\/wordpress\\\/?s={search_term_string}\"},\"query-input\":{\"@type\":\"PropertyValueSpecification\",\"valueRequired\":true,\"valueName\":\"search_term_string\"}}],\"inLanguage\":\"fr-FR\"},{\"@type\":[\"Person\",\"Organization\"],\"@id\":\"https:\\\/\\\/www.charles-de-flahaut.fr\\\/wordpress\\\/#\\\/schema\\\/person\\\/81011c8b61bc74c05499365a506d49a9\",\"name\":\"administrateur\",\"logo\":{\"@id\":\"https:\\\/\\\/www.charles-de-flahaut.fr\\\/wordpress\\\/#\\\/schema\\\/person\\\/image\\\/\"},\"sameAs\":[\"http:\\\/\\\/www.charles-de-flahaut.fr\",\"https:\\\/\\\/www.facebook.com\\\/Sites.HistoiredeFrance\"],\"url\":\"https:\\\/\\\/www.charles-de-flahaut.fr\\\/wordpress\\\/author\\\/admin\\\/\"}]}<\/script>\n<!-- \/ Yoast SEO plugin. -->","yoast_head_json":{"title":"Cit\u00e9 m\u00e9di\u00e9vale de Provins - Histoire de France - Communiqu\u00e9s","description":"Site officiel de l'Office de Tourisme de Provins, cit\u00e9 m\u00e9di\u00e9vale class\u00e9e Patrimoine de l'Unesco.Monuments, spectacles historiques","robots":{"index":"index","follow":"follow","max-snippet":"max-snippet:-1","max-image-preview":"max-image-preview:large","max-video-preview":"max-video-preview:-1"},"canonical":"https:\/\/www.charles-de-flahaut.fr\/wordpress\/cite-medievale-de-provins\/","og_locale":"fr_FR","og_type":"article","og_title":"Cit\u00e9 m\u00e9di\u00e9vale de Provins - Histoire de France - Communiqu\u00e9s","og_description":"Site officiel de l'Office de Tourisme de Provins, cit\u00e9 m\u00e9di\u00e9vale class\u00e9e Patrimoine de l'Unesco.Monuments, spectacles historiques","og_url":"https:\/\/www.charles-de-flahaut.fr\/wordpress\/cite-medievale-de-provins\/","og_site_name":"Histoire de France - Communiqu\u00e9s","article_publisher":"https:\/\/www.facebook.com\/Sites.HistoiredeFrance","article_author":"https:\/\/www.facebook.com\/Sites.HistoiredeFrance","article_published_time":"2012-11-30T13:29:49+00:00","article_modified_time":"2024-01-12T09:06:14+00:00","og_image":[{"url":"http:\/\/www.charles-de-flahaut.fr\/wordpress\/wp-content\/uploads\/2012\/11\/provins-300x159.jpg","type":"","width":"","height":""}],"author":"administrateur","twitter_card":"summary_large_image","twitter_misc":{"\u00c9crit par":"administrateur","Dur\u00e9e de lecture estim\u00e9e":"1 minute"},"schema":{"@context":"https:\/\/schema.org","@graph":[{"@type":"Article","@id":"https:\/\/www.charles-de-flahaut.fr\/wordpress\/cite-medievale-de-provins\/#article","isPartOf":{"@id":"https:\/\/www.charles-de-flahaut.fr\/wordpress\/cite-medievale-de-provins\/"},"author":{"name":"administrateur","@id":"https:\/\/www.charles-de-flahaut.fr\/wordpress\/#\/schema\/person\/81011c8b61bc74c05499365a506d49a9"},"headline":"Cit\u00e9 m\u00e9di\u00e9vale de Provins","datePublished":"2012-11-30T13:29:49+00:00","dateModified":"2024-01-12T09:06:14+00:00","mainEntityOfPage":{"@id":"https:\/\/www.charles-de-flahaut.fr\/wordpress\/cite-medievale-de-provins\/"},"wordCount":79,"commentCount":0,"publisher":{"@id":"https:\/\/www.charles-de-flahaut.fr\/wordpress\/#\/schema\/person\/81011c8b61bc74c05499365a506d49a9"},"image":{"@id":"https:\/\/www.charles-de-flahaut.fr\/wordpress\/cite-medievale-de-provins\/#primaryimage"},"thumbnailUrl":"http:\/\/www.charles-de-flahaut.fr\/wordpress\/wp-content\/uploads\/2012\/11\/provins-300x159.jpg","articleSection":["76 - Seine-Maritime","expositions","histoire locale","Mus\u00e9es","patrimoine"],"inLanguage":"fr-FR","potentialAction":[{"@type":"CommentAction","name":"Comment","target":["https:\/\/www.charles-de-flahaut.fr\/wordpress\/cite-medievale-de-provins\/#respond"]}]},{"@type":"WebPage","@id":"https:\/\/www.charles-de-flahaut.fr\/wordpress\/cite-medievale-de-provins\/","url":"https:\/\/www.charles-de-flahaut.fr\/wordpress\/cite-medievale-de-provins\/","name":"Cit\u00e9 m\u00e9di\u00e9vale de Provins - Histoire de France - Communiqu\u00e9s","isPartOf":{"@id":"https:\/\/www.charles-de-flahaut.fr\/wordpress\/#website"},"primaryImageOfPage":{"@id":"https:\/\/www.charles-de-flahaut.fr\/wordpress\/cite-medievale-de-provins\/#primaryimage"},"image":{"@id":"https:\/\/www.charles-de-flahaut.fr\/wordpress\/cite-medievale-de-provins\/#primaryimage"},"thumbnailUrl":"http:\/\/www.charles-de-flahaut.fr\/wordpress\/wp-content\/uploads\/2012\/11\/provins-300x159.jpg","datePublished":"2012-11-30T13:29:49+00:00","dateModified":"2024-01-12T09:06:14+00:00","description":"Site officiel de l'Office de Tourisme de Provins, cit\u00e9 m\u00e9di\u00e9vale class\u00e9e Patrimoine de l'Unesco.Monuments, spectacles historiques","breadcrumb":{"@id":"https:\/\/www.charles-de-flahaut.fr\/wordpress\/cite-medievale-de-provins\/#breadcrumb"},"inLanguage":"fr-FR","potentialAction":[{"@type":"ReadAction","target":["https:\/\/www.charles-de-flahaut.fr\/wordpress\/cite-medievale-de-provins\/"]}]},{"@type":"ImageObject","inLanguage":"fr-FR","@id":"https:\/\/www.charles-de-flahaut.fr\/wordpress\/cite-medievale-de-provins\/#primaryimage","url":"https:\/\/www.charles-de-flahaut.fr\/wordpress\/wp-content\/uploads\/2012\/11\/provins.jpg","contentUrl":"https:\/\/www.charles-de-flahaut.fr\/wordpress\/wp-content\/uploads\/2012\/11\/provins.jpg","width":"583","height":"310"},{"@type":"BreadcrumbList","@id":"https:\/\/www.charles-de-flahaut.fr\/wordpress\/cite-medievale-de-provins\/#breadcrumb","itemListElement":[{"@type":"ListItem","position":1,"name":"Accueil","item":"https:\/\/www.charles-de-flahaut.fr\/wordpress\/"},{"@type":"ListItem","position":2,"name":"Cit\u00e9 m\u00e9di\u00e9vale de Provins"}]},{"@type":"WebSite","@id":"https:\/\/www.charles-de-flahaut.fr\/wordpress\/#website","url":"https:\/\/www.charles-de-flahaut.fr\/wordpress\/","name":"Histoire de France - Communiqu\u00e9s","description":"Histoire et patrimoine","publisher":{"@id":"https:\/\/www.charles-de-flahaut.fr\/wordpress\/#\/schema\/person\/81011c8b61bc74c05499365a506d49a9"},"potentialAction":[{"@type":"SearchAction","target":{"@type":"EntryPoint","urlTemplate":"https:\/\/www.charles-de-flahaut.fr\/wordpress\/?s={search_term_string}"},"query-input":{"@type":"PropertyValueSpecification","valueRequired":true,"valueName":"search_term_string"}}],"inLanguage":"fr-FR"},{"@type":["Person","Organization"],"@id":"https:\/\/www.charles-de-flahaut.fr\/wordpress\/#\/schema\/person\/81011c8b61bc74c05499365a506d49a9","name":"administrateur","logo":{"@id":"https:\/\/www.charles-de-flahaut.fr\/wordpress\/#\/schema\/person\/image\/"},"sameAs":["http:\/\/www.charles-de-flahaut.fr","https:\/\/www.facebook.com\/Sites.HistoiredeFrance"],"url":"https:\/\/www.charles-de-flahaut.fr\/wordpress\/author\/admin\/"}]}},"views":1394,"amp_enabled":true,"_links":{"self":[{"href":"https:\/\/www.charles-de-flahaut.fr\/wordpress\/wp-json\/wp\/v2\/posts\/130","targetHints":{"allow":["GET"]}}],"collection":[{"href":"https:\/\/www.charles-de-flahaut.fr\/wordpress\/wp-json\/wp\/v2\/posts"}],"about":[{"href":"https:\/\/www.charles-de-flahaut.fr\/wordpress\/wp-json\/wp\/v2\/types\/post"}],"author":[{"embeddable":true,"href":"https:\/\/www.charles-de-flahaut.fr\/wordpress\/wp-json\/wp\/v2\/users\/1"}],"replies":[{"embeddable":true,"href":"https:\/\/www.charles-de-flahaut.fr\/wordpress\/wp-json\/wp\/v2\/comments?post=130"}],"version-history":[{"count":8,"href":"https:\/\/www.charles-de-flahaut.fr\/wordpress\/wp-json\/wp\/v2\/posts\/130\/revisions"}],"predecessor-version":[{"id":94400,"href":"https:\/\/www.charles-de-flahaut.fr\/wordpress\/wp-json\/wp\/v2\/posts\/130\/revisions\/94400"}],"wp:attachment":[{"href":"https:\/\/www.charles-de-flahaut.fr\/wordpress\/wp-json\/wp\/v2\/media?parent=130"}],"wp:term":[{"taxonomy":"category","embeddable":true,"href":"https:\/\/www.charles-de-flahaut.fr\/wordpress\/wp-json\/wp\/v2\/categories?post=130"},{"taxonomy":"post_tag","embeddable":true,"href":"https:\/\/www.charles-de-flahaut.fr\/wordpress\/wp-json\/wp\/v2\/tags?post=130"}],"curies":[{"name":"wp","href":"https:\/\/api.w.org\/{rel}","templated":true}]}}