{"id":12497,"date":"2015-05-20T07:43:49","date_gmt":"2015-05-20T06:43:49","guid":{"rendered":"http:\/\/www.charles-de-flahaut.fr\/wordpress\/?p=12497"},"modified":"2026-02-14T10:18:52","modified_gmt":"2026-02-14T09:18:52","slug":"groupe-detudes-historiques-de-verdun-sur-le-doubs","status":"publish","type":"post","link":"https:\/\/www.charles-de-flahaut.fr\/wordpress\/groupe-detudes-historiques-de-verdun-sur-le-doubs\/","title":{"rendered":"Groupe d&rsquo;Etudes Historiques de Verdun sur le Doubs"},"content":{"rendered":"<p><strong>Groupe d&rsquo;Etudes Historiques de Verdun sur le Doubs <\/strong><br \/>\n<a href=\"https:\/\/www.gehv.fr\/\" target=\"_blank\" rel=\"noopener\"><strong>https:\/\/www.gehv.fr\/<\/strong><\/a><br \/>\n<em><a href=\"http:\/\/www.charles-de-flahaut.fr\/wordpress\/wp-content\/uploads\/2015\/05\/verdunsurledoubs_geh.jpg\"><img loading=\"lazy\" decoding=\"async\" class=\"alignleft size-full wp-image-12499\" src=\"http:\/\/www.charles-de-flahaut.fr\/wordpress\/wp-content\/uploads\/2015\/05\/verdunsurledoubs_geh.jpg\" alt=\"verdunsurledoubs_geh\" width=\"175\" height=\"137\" \/><\/a>un nouveau site r\u00e9f\u00e9renc\u00e9 sur <a href=\"http:\/\/www.histoire-communes.jpflahaut.fr\/\" target=\"_blank\" rel=\"noopener\">Histoire et patrimoine des villes et villages de France<\/a><\/em><\/p>\n<p style=\"text-align: justify;\">Cr\u00e9\u00e9e en 1957, notre association, le GEHV a pour objectifs d&rsquo;\u00e9tudier et de sauvegarder le patrimoine arch\u00e9ologique et historique de notre r\u00e9gion, le Verdunois, mais aussi de le faire conna\u00eetre \u00e0 ses habitants et \u00e0 tous les passionn\u00e9s d&rsquo;histoire. (extrait du site)<\/p>\n<p style=\"text-align: center;\"><a href=\"https:\/\/amzn.to\/4tJejLB\" target=\"_blank\" rel=\"noopener\"><strong>Ouvrages sur Verdun sur le Doubs<\/strong><\/a><\/p>\n<p style=\"text-align: center;\"><a href=\"https:\/\/www.charles-de-flahaut.fr\/wordpress\/wp-content\/uploads\/2015\/05\/verdunsurledoubs.jpg\"><img loading=\"lazy\" decoding=\"async\" class=\"alignnone size-full wp-image-116063\" src=\"https:\/\/www.charles-de-flahaut.fr\/wordpress\/wp-content\/uploads\/2015\/05\/verdunsurledoubs.jpg\" alt=\"\" width=\"296\" height=\"445\" srcset=\"https:\/\/www.charles-de-flahaut.fr\/wordpress\/wp-content\/uploads\/2015\/05\/verdunsurledoubs.jpg 296w, https:\/\/www.charles-de-flahaut.fr\/wordpress\/wp-content\/uploads\/2015\/05\/verdunsurledoubs-200x300.jpg 200w\" sizes=\"auto, (max-width: 296px) 100vw, 296px\" \/><\/a><a href=\"https:\/\/amzn.to\/4tJejLB\" target=\"_blank\" rel=\"noopener\">https:\/\/amzn.to\/4tJejLB<\/a><\/p>\n","protected":false},"excerpt":{"rendered":"<p>Groupe d&rsquo;Etudes Historiques de Verdun sur le Doubs https:\/\/www.gehv.fr\/ un nouveau site r\u00e9f\u00e9renc\u00e9 sur Histoire et patrimoine des villes et villages de France Cr\u00e9\u00e9e en 1957, notre association, le GEHV a pour objectifs d&rsquo;\u00e9tudier et de sauvegarder le patrimoine arch\u00e9ologique et historique de notre r\u00e9gion, le Verdunois, mais aussi de le faire conna\u00eetre \u00e0 ses &hellip; <\/p>\n<p><a class=\"more-link btn\" href=\"https:\/\/www.charles-de-flahaut.fr\/wordpress\/groupe-detudes-historiques-de-verdun-sur-le-doubs\/\">Lire la suite<\/a><\/p>\n","protected":false},"author":117,"featured_media":0,"comment_status":"open","ping_status":"open","sticky":false,"template":"","format":"standard","meta":{"footnotes":""},"categories":[159,89,16],"tags":[],"class_list":["post-12497","post","type-post","status-publish","format-standard","hentry","category-71-saone-et-loire","category-archeologie","category-histoire-regionale","item-wrap"],"yoast_head":"<!-- This site is optimized with the Yoast SEO plugin v27.4 - https:\/\/yoast.com\/product\/yoast-seo-wordpress\/ -->\n<title>Groupe d&#039;Etudes Historiques de Verdun sur le Doubs - Histoire de France - Communiqu\u00e9s<\/title>\n<meta name=\"description\" content=\"Cr\u00e9\u00e9e en 1957, notre association, le GEHV a pour objectifs d&#039;\u00e9tudier et de sauvegarder le patrimoine arch\u00e9ologique et historique de notre\" \/>\n<meta name=\"robots\" content=\"index, follow, max-snippet:-1, max-image-preview:large, max-video-preview:-1\" \/>\n<link rel=\"canonical\" href=\"https:\/\/www.charles-de-flahaut.fr\/wordpress\/groupe-detudes-historiques-de-verdun-sur-le-doubs\/\" \/>\n<meta property=\"og:locale\" content=\"fr_FR\" \/>\n<meta property=\"og:type\" content=\"article\" \/>\n<meta property=\"og:title\" content=\"Groupe d&#039;Etudes Historiques de Verdun sur le Doubs - Histoire de France - Communiqu\u00e9s\" \/>\n<meta property=\"og:description\" content=\"Cr\u00e9\u00e9e en 1957, notre association, le GEHV a pour objectifs d&#039;\u00e9tudier et de sauvegarder le patrimoine arch\u00e9ologique et historique de notre\" \/>\n<meta property=\"og:url\" content=\"https:\/\/www.charles-de-flahaut.fr\/wordpress\/groupe-detudes-historiques-de-verdun-sur-le-doubs\/\" \/>\n<meta property=\"og:site_name\" content=\"Histoire de France - Communiqu\u00e9s\" \/>\n<meta property=\"article:publisher\" content=\"https:\/\/www.facebook.com\/Sites.HistoiredeFrance\" \/>\n<meta property=\"article:published_time\" content=\"2015-05-20T06:43:49+00:00\" \/>\n<meta property=\"article:modified_time\" content=\"2026-02-14T09:18:52+00:00\" \/>\n<meta property=\"og:image\" content=\"https:\/\/www.charles-de-flahaut.fr\/wordpress\/wp-content\/uploads\/2015\/05\/verdunsurledoubs_geh.jpg\" \/>\n\t<meta property=\"og:image:width\" content=\"175\" \/>\n\t<meta property=\"og:image:height\" content=\"137\" \/>\n\t<meta property=\"og:image:type\" content=\"image\/jpeg\" \/>\n<meta name=\"author\" content=\"administrateur\" \/>\n<meta name=\"twitter:card\" content=\"summary_large_image\" \/>\n<meta name=\"twitter:label1\" content=\"\u00c9crit par\" \/>\n\t<meta name=\"twitter:data1\" content=\"administrateur\" \/>\n\t<meta name=\"twitter:label2\" content=\"Dur\u00e9e de lecture estim\u00e9e\" \/>\n\t<meta name=\"twitter:data2\" content=\"1 minute\" \/>\n<script type=\"application\/ld+json\" class=\"yoast-schema-graph\">{\"@context\":\"https:\\\/\\\/schema.org\",\"@graph\":[{\"@type\":\"Article\",\"@id\":\"https:\\\/\\\/www.charles-de-flahaut.fr\\\/wordpress\\\/groupe-detudes-historiques-de-verdun-sur-le-doubs\\\/#article\",\"isPartOf\":{\"@id\":\"https:\\\/\\\/www.charles-de-flahaut.fr\\\/wordpress\\\/groupe-detudes-historiques-de-verdun-sur-le-doubs\\\/\"},\"author\":{\"name\":\"administrateur\",\"@id\":\"https:\\\/\\\/www.charles-de-flahaut.fr\\\/wordpress\\\/#\\\/schema\\\/person\\\/41c41eaf9ae1d70810ff74a04a786c56\"},\"headline\":\"Groupe d&rsquo;Etudes Historiques de Verdun sur le Doubs\",\"datePublished\":\"2015-05-20T06:43:49+00:00\",\"dateModified\":\"2026-02-14T09:18:52+00:00\",\"mainEntityOfPage\":{\"@id\":\"https:\\\/\\\/www.charles-de-flahaut.fr\\\/wordpress\\\/groupe-detudes-historiques-de-verdun-sur-le-doubs\\\/\"},\"wordCount\":94,\"commentCount\":2,\"publisher\":{\"@id\":\"https:\\\/\\\/www.charles-de-flahaut.fr\\\/wordpress\\\/#\\\/schema\\\/person\\\/81011c8b61bc74c05499365a506d49a9\"},\"image\":{\"@id\":\"https:\\\/\\\/www.charles-de-flahaut.fr\\\/wordpress\\\/groupe-detudes-historiques-de-verdun-sur-le-doubs\\\/#primaryimage\"},\"thumbnailUrl\":\"http:\\\/\\\/www.charles-de-flahaut.fr\\\/wordpress\\\/wp-content\\\/uploads\\\/2015\\\/05\\\/verdunsurledoubs_geh.jpg\",\"articleSection\":[\"71 - Sa\u00f4ne-et-Loire\",\"arch\u00e9ologie\",\"histoire locale\"],\"inLanguage\":\"fr-FR\",\"potentialAction\":[{\"@type\":\"CommentAction\",\"name\":\"Comment\",\"target\":[\"https:\\\/\\\/www.charles-de-flahaut.fr\\\/wordpress\\\/groupe-detudes-historiques-de-verdun-sur-le-doubs\\\/#respond\"]}]},{\"@type\":\"WebPage\",\"@id\":\"https:\\\/\\\/www.charles-de-flahaut.fr\\\/wordpress\\\/groupe-detudes-historiques-de-verdun-sur-le-doubs\\\/\",\"url\":\"https:\\\/\\\/www.charles-de-flahaut.fr\\\/wordpress\\\/groupe-detudes-historiques-de-verdun-sur-le-doubs\\\/\",\"name\":\"Groupe d'Etudes Historiques de Verdun sur le Doubs - Histoire de France - Communiqu\u00e9s\",\"isPartOf\":{\"@id\":\"https:\\\/\\\/www.charles-de-flahaut.fr\\\/wordpress\\\/#website\"},\"primaryImageOfPage\":{\"@id\":\"https:\\\/\\\/www.charles-de-flahaut.fr\\\/wordpress\\\/groupe-detudes-historiques-de-verdun-sur-le-doubs\\\/#primaryimage\"},\"image\":{\"@id\":\"https:\\\/\\\/www.charles-de-flahaut.fr\\\/wordpress\\\/groupe-detudes-historiques-de-verdun-sur-le-doubs\\\/#primaryimage\"},\"thumbnailUrl\":\"http:\\\/\\\/www.charles-de-flahaut.fr\\\/wordpress\\\/wp-content\\\/uploads\\\/2015\\\/05\\\/verdunsurledoubs_geh.jpg\",\"datePublished\":\"2015-05-20T06:43:49+00:00\",\"dateModified\":\"2026-02-14T09:18:52+00:00\",\"description\":\"Cr\u00e9\u00e9e en 1957, notre association, le GEHV a pour objectifs d'\u00e9tudier et de sauvegarder le patrimoine arch\u00e9ologique et historique de notre\",\"breadcrumb\":{\"@id\":\"https:\\\/\\\/www.charles-de-flahaut.fr\\\/wordpress\\\/groupe-detudes-historiques-de-verdun-sur-le-doubs\\\/#breadcrumb\"},\"inLanguage\":\"fr-FR\",\"potentialAction\":[{\"@type\":\"ReadAction\",\"target\":[\"https:\\\/\\\/www.charles-de-flahaut.fr\\\/wordpress\\\/groupe-detudes-historiques-de-verdun-sur-le-doubs\\\/\"]}]},{\"@type\":\"ImageObject\",\"inLanguage\":\"fr-FR\",\"@id\":\"https:\\\/\\\/www.charles-de-flahaut.fr\\\/wordpress\\\/groupe-detudes-historiques-de-verdun-sur-le-doubs\\\/#primaryimage\",\"url\":\"http:\\\/\\\/www.charles-de-flahaut.fr\\\/wordpress\\\/wp-content\\\/uploads\\\/2015\\\/05\\\/verdunsurledoubs_geh.jpg\",\"contentUrl\":\"http:\\\/\\\/www.charles-de-flahaut.fr\\\/wordpress\\\/wp-content\\\/uploads\\\/2015\\\/05\\\/verdunsurledoubs_geh.jpg\"},{\"@type\":\"BreadcrumbList\",\"@id\":\"https:\\\/\\\/www.charles-de-flahaut.fr\\\/wordpress\\\/groupe-detudes-historiques-de-verdun-sur-le-doubs\\\/#breadcrumb\",\"itemListElement\":[{\"@type\":\"ListItem\",\"position\":1,\"name\":\"Accueil\",\"item\":\"https:\\\/\\\/www.charles-de-flahaut.fr\\\/wordpress\\\/\"},{\"@type\":\"ListItem\",\"position\":2,\"name\":\"Groupe d&rsquo;Etudes Historiques de Verdun sur le Doubs\"}]},{\"@type\":\"WebSite\",\"@id\":\"https:\\\/\\\/www.charles-de-flahaut.fr\\\/wordpress\\\/#website\",\"url\":\"https:\\\/\\\/www.charles-de-flahaut.fr\\\/wordpress\\\/\",\"name\":\"Histoire de France - Communiqu\u00e9s\",\"description\":\"Histoire et patrimoine\",\"publisher\":{\"@id\":\"https:\\\/\\\/www.charles-de-flahaut.fr\\\/wordpress\\\/#\\\/schema\\\/person\\\/81011c8b61bc74c05499365a506d49a9\"},\"potentialAction\":[{\"@type\":\"SearchAction\",\"target\":{\"@type\":\"EntryPoint\",\"urlTemplate\":\"https:\\\/\\\/www.charles-de-flahaut.fr\\\/wordpress\\\/?s={search_term_string}\"},\"query-input\":{\"@type\":\"PropertyValueSpecification\",\"valueRequired\":true,\"valueName\":\"search_term_string\"}}],\"inLanguage\":\"fr-FR\"},{\"@type\":[\"Person\",\"Organization\"],\"@id\":\"https:\\\/\\\/www.charles-de-flahaut.fr\\\/wordpress\\\/#\\\/schema\\\/person\\\/81011c8b61bc74c05499365a506d49a9\",\"name\":\"administrateur\",\"logo\":{\"@id\":\"https:\\\/\\\/www.charles-de-flahaut.fr\\\/wordpress\\\/#\\\/schema\\\/person\\\/image\\\/\"},\"sameAs\":[\"http:\\\/\\\/www.charles-de-flahaut.fr\",\"https:\\\/\\\/www.facebook.com\\\/Sites.HistoiredeFrance\"]},{\"@type\":\"Person\",\"@id\":\"https:\\\/\\\/www.charles-de-flahaut.fr\\\/wordpress\\\/#\\\/schema\\\/person\\\/41c41eaf9ae1d70810ff74a04a786c56\",\"name\":\"administrateur\",\"url\":\"https:\\\/\\\/www.charles-de-flahaut.fr\\\/wordpress\\\/author\\\/hist_8la_ad\\\/\"}]}<\/script>\n<!-- \/ Yoast SEO plugin. -->","yoast_head_json":{"title":"Groupe d'Etudes Historiques de Verdun sur le Doubs - Histoire de France - Communiqu\u00e9s","description":"Cr\u00e9\u00e9e en 1957, notre association, le GEHV a pour objectifs d'\u00e9tudier et de sauvegarder le patrimoine arch\u00e9ologique et historique de notre","robots":{"index":"index","follow":"follow","max-snippet":"max-snippet:-1","max-image-preview":"max-image-preview:large","max-video-preview":"max-video-preview:-1"},"canonical":"https:\/\/www.charles-de-flahaut.fr\/wordpress\/groupe-detudes-historiques-de-verdun-sur-le-doubs\/","og_locale":"fr_FR","og_type":"article","og_title":"Groupe d'Etudes Historiques de Verdun sur le Doubs - Histoire de France - Communiqu\u00e9s","og_description":"Cr\u00e9\u00e9e en 1957, notre association, le GEHV a pour objectifs d'\u00e9tudier et de sauvegarder le patrimoine arch\u00e9ologique et historique de notre","og_url":"https:\/\/www.charles-de-flahaut.fr\/wordpress\/groupe-detudes-historiques-de-verdun-sur-le-doubs\/","og_site_name":"Histoire de France - Communiqu\u00e9s","article_publisher":"https:\/\/www.facebook.com\/Sites.HistoiredeFrance","article_published_time":"2015-05-20T06:43:49+00:00","article_modified_time":"2026-02-14T09:18:52+00:00","og_image":[{"width":175,"height":137,"url":"https:\/\/www.charles-de-flahaut.fr\/wordpress\/wp-content\/uploads\/2015\/05\/verdunsurledoubs_geh.jpg","type":"image\/jpeg"}],"author":"administrateur","twitter_card":"summary_large_image","twitter_misc":{"\u00c9crit par":"administrateur","Dur\u00e9e de lecture estim\u00e9e":"1 minute"},"schema":{"@context":"https:\/\/schema.org","@graph":[{"@type":"Article","@id":"https:\/\/www.charles-de-flahaut.fr\/wordpress\/groupe-detudes-historiques-de-verdun-sur-le-doubs\/#article","isPartOf":{"@id":"https:\/\/www.charles-de-flahaut.fr\/wordpress\/groupe-detudes-historiques-de-verdun-sur-le-doubs\/"},"author":{"name":"administrateur","@id":"https:\/\/www.charles-de-flahaut.fr\/wordpress\/#\/schema\/person\/41c41eaf9ae1d70810ff74a04a786c56"},"headline":"Groupe d&rsquo;Etudes Historiques de Verdun sur le Doubs","datePublished":"2015-05-20T06:43:49+00:00","dateModified":"2026-02-14T09:18:52+00:00","mainEntityOfPage":{"@id":"https:\/\/www.charles-de-flahaut.fr\/wordpress\/groupe-detudes-historiques-de-verdun-sur-le-doubs\/"},"wordCount":94,"commentCount":2,"publisher":{"@id":"https:\/\/www.charles-de-flahaut.fr\/wordpress\/#\/schema\/person\/81011c8b61bc74c05499365a506d49a9"},"image":{"@id":"https:\/\/www.charles-de-flahaut.fr\/wordpress\/groupe-detudes-historiques-de-verdun-sur-le-doubs\/#primaryimage"},"thumbnailUrl":"http:\/\/www.charles-de-flahaut.fr\/wordpress\/wp-content\/uploads\/2015\/05\/verdunsurledoubs_geh.jpg","articleSection":["71 - Sa\u00f4ne-et-Loire","arch\u00e9ologie","histoire locale"],"inLanguage":"fr-FR","potentialAction":[{"@type":"CommentAction","name":"Comment","target":["https:\/\/www.charles-de-flahaut.fr\/wordpress\/groupe-detudes-historiques-de-verdun-sur-le-doubs\/#respond"]}]},{"@type":"WebPage","@id":"https:\/\/www.charles-de-flahaut.fr\/wordpress\/groupe-detudes-historiques-de-verdun-sur-le-doubs\/","url":"https:\/\/www.charles-de-flahaut.fr\/wordpress\/groupe-detudes-historiques-de-verdun-sur-le-doubs\/","name":"Groupe d'Etudes Historiques de Verdun sur le Doubs - Histoire de France - Communiqu\u00e9s","isPartOf":{"@id":"https:\/\/www.charles-de-flahaut.fr\/wordpress\/#website"},"primaryImageOfPage":{"@id":"https:\/\/www.charles-de-flahaut.fr\/wordpress\/groupe-detudes-historiques-de-verdun-sur-le-doubs\/#primaryimage"},"image":{"@id":"https:\/\/www.charles-de-flahaut.fr\/wordpress\/groupe-detudes-historiques-de-verdun-sur-le-doubs\/#primaryimage"},"thumbnailUrl":"http:\/\/www.charles-de-flahaut.fr\/wordpress\/wp-content\/uploads\/2015\/05\/verdunsurledoubs_geh.jpg","datePublished":"2015-05-20T06:43:49+00:00","dateModified":"2026-02-14T09:18:52+00:00","description":"Cr\u00e9\u00e9e en 1957, notre association, le GEHV a pour objectifs d'\u00e9tudier et de sauvegarder le patrimoine arch\u00e9ologique et historique de notre","breadcrumb":{"@id":"https:\/\/www.charles-de-flahaut.fr\/wordpress\/groupe-detudes-historiques-de-verdun-sur-le-doubs\/#breadcrumb"},"inLanguage":"fr-FR","potentialAction":[{"@type":"ReadAction","target":["https:\/\/www.charles-de-flahaut.fr\/wordpress\/groupe-detudes-historiques-de-verdun-sur-le-doubs\/"]}]},{"@type":"ImageObject","inLanguage":"fr-FR","@id":"https:\/\/www.charles-de-flahaut.fr\/wordpress\/groupe-detudes-historiques-de-verdun-sur-le-doubs\/#primaryimage","url":"http:\/\/www.charles-de-flahaut.fr\/wordpress\/wp-content\/uploads\/2015\/05\/verdunsurledoubs_geh.jpg","contentUrl":"http:\/\/www.charles-de-flahaut.fr\/wordpress\/wp-content\/uploads\/2015\/05\/verdunsurledoubs_geh.jpg"},{"@type":"BreadcrumbList","@id":"https:\/\/www.charles-de-flahaut.fr\/wordpress\/groupe-detudes-historiques-de-verdun-sur-le-doubs\/#breadcrumb","itemListElement":[{"@type":"ListItem","position":1,"name":"Accueil","item":"https:\/\/www.charles-de-flahaut.fr\/wordpress\/"},{"@type":"ListItem","position":2,"name":"Groupe d&rsquo;Etudes Historiques de Verdun sur le Doubs"}]},{"@type":"WebSite","@id":"https:\/\/www.charles-de-flahaut.fr\/wordpress\/#website","url":"https:\/\/www.charles-de-flahaut.fr\/wordpress\/","name":"Histoire de France - Communiqu\u00e9s","description":"Histoire et patrimoine","publisher":{"@id":"https:\/\/www.charles-de-flahaut.fr\/wordpress\/#\/schema\/person\/81011c8b61bc74c05499365a506d49a9"},"potentialAction":[{"@type":"SearchAction","target":{"@type":"EntryPoint","urlTemplate":"https:\/\/www.charles-de-flahaut.fr\/wordpress\/?s={search_term_string}"},"query-input":{"@type":"PropertyValueSpecification","valueRequired":true,"valueName":"search_term_string"}}],"inLanguage":"fr-FR"},{"@type":["Person","Organization"],"@id":"https:\/\/www.charles-de-flahaut.fr\/wordpress\/#\/schema\/person\/81011c8b61bc74c05499365a506d49a9","name":"administrateur","logo":{"@id":"https:\/\/www.charles-de-flahaut.fr\/wordpress\/#\/schema\/person\/image\/"},"sameAs":["http:\/\/www.charles-de-flahaut.fr","https:\/\/www.facebook.com\/Sites.HistoiredeFrance"]},{"@type":"Person","@id":"https:\/\/www.charles-de-flahaut.fr\/wordpress\/#\/schema\/person\/41c41eaf9ae1d70810ff74a04a786c56","name":"administrateur","url":"https:\/\/www.charles-de-flahaut.fr\/wordpress\/author\/hist_8la_ad\/"}]}},"views":560,"amp_enabled":true,"_links":{"self":[{"href":"https:\/\/www.charles-de-flahaut.fr\/wordpress\/wp-json\/wp\/v2\/posts\/12497","targetHints":{"allow":["GET"]}}],"collection":[{"href":"https:\/\/www.charles-de-flahaut.fr\/wordpress\/wp-json\/wp\/v2\/posts"}],"about":[{"href":"https:\/\/www.charles-de-flahaut.fr\/wordpress\/wp-json\/wp\/v2\/types\/post"}],"author":[{"embeddable":true,"href":"https:\/\/www.charles-de-flahaut.fr\/wordpress\/wp-json\/wp\/v2\/users\/117"}],"replies":[{"embeddable":true,"href":"https:\/\/www.charles-de-flahaut.fr\/wordpress\/wp-json\/wp\/v2\/comments?post=12497"}],"version-history":[{"count":5,"href":"https:\/\/www.charles-de-flahaut.fr\/wordpress\/wp-json\/wp\/v2\/posts\/12497\/revisions"}],"predecessor-version":[{"id":116064,"href":"https:\/\/www.charles-de-flahaut.fr\/wordpress\/wp-json\/wp\/v2\/posts\/12497\/revisions\/116064"}],"wp:attachment":[{"href":"https:\/\/www.charles-de-flahaut.fr\/wordpress\/wp-json\/wp\/v2\/media?parent=12497"}],"wp:term":[{"taxonomy":"category","embeddable":true,"href":"https:\/\/www.charles-de-flahaut.fr\/wordpress\/wp-json\/wp\/v2\/categories?post=12497"},{"taxonomy":"post_tag","embeddable":true,"href":"https:\/\/www.charles-de-flahaut.fr\/wordpress\/wp-json\/wp\/v2\/tags?post=12497"}],"curies":[{"name":"wp","href":"https:\/\/api.w.org\/{rel}","templated":true}]}}