{"id":1225,"date":"2013-03-13T09:24:41","date_gmt":"2013-03-13T08:24:41","guid":{"rendered":"http:\/\/www.charles-de-flahaut.fr\/wordpress\/?p=1225"},"modified":"2024-01-19T09:49:02","modified_gmt":"2024-01-19T08:49:02","slug":"histoire-de-rethel-ardennes","status":"publish","type":"post","link":"https:\/\/www.charles-de-flahaut.fr\/wordpress\/histoire-de-rethel-ardennes\/","title":{"rendered":"Histoire de Rethel (Ardennes)"},"content":{"rendered":"<p>Un nouveau site r\u00e9f\u00e9renc\u00e9 sur <a href=\"http:\/\/www.histoire-communes.jpflahaut.fr\/\" target=\"_blank\" rel=\"noopener\">Annuaire Histoire<\/a> :<\/p>\n<p><strong>Histoire de Rethel (Ardennes)<\/strong><br \/>\n<a href=\"http:\/\/www.villederethel.fr\/\" target=\"_blank\" rel=\"noopener\">http:\/\/www.villederethel.fr\/<\/a><\/p>\n<p style=\"text-align: justify;\"><a href=\"http:\/\/www.charles-de-flahaut.fr\/wordpress\/wp-content\/uploads\/2013\/03\/blason_rethel.jpg\"><img loading=\"lazy\" decoding=\"async\" class=\"alignleft size-full wp-image-1226\" title=\"blason_rethel\" src=\"http:\/\/www.charles-de-flahaut.fr\/wordpress\/wp-content\/uploads\/2013\/03\/blason_rethel.jpg\" alt=\"\" width=\"243\" height=\"278\" \/><\/a>Il para\u00eet probable que sa fondation remonte \u00e0 la fin du premier mill\u00e9naire, vers 940. Les premi\u00e8res habitations se group\u00e8rent autour du ch\u00e2teau, b\u00e2ti par les premiers comtes de RETHEL.<\/p>\n<p style=\"text-align: justify;\">Construite sur une hauteur, la butte f\u00e9odale permet de surveiller la Vall\u00e9e de l\u2019Aisne de l\u2019approche de troupes arm\u00e9es et d\u2019assurer la s\u00e9curit\u00e9 des premiers habitants. Si le ch\u00e2teau fut rapidement fortifi\u00e9, il faut attendre l\u2019ann\u00e9e 1357 pour que Louis III dit de MARLE entreprenne une ligne de fortifications continues encerclant la Ville. Charles de BOURGOGNE, en 1444, consolide et \u00e9largit l\u2019enceinte du c\u00f4t\u00e9 o\u00f9 la cit\u00e9 s\u2019est d\u00e9velopp\u00e9e&#8230;<\/p>\n<p style=\"text-align: justify;\">(image et extrait du site de la commune &#8230; lire la suite dans la rubrique \u00ab\u00a0Une ville \u00e0 vivre \/ histoire et identit\u00e9 locale\u00a0\u00bb)<\/p>\n<p style=\"text-align: justify;\">Dans la m\u00eame rubrique, d\u00e9couvrez l&rsquo;histoire de la sp\u00e9cialit\u00e9 Reth\u00e9loise : Le Boudin blanc<\/p>\n<p><a href=\"https:\/\/amzn.to\/3U6RQZn\" target=\"_blank\" rel=\"noopener\"><strong>Ouvrages sur Rethel<\/strong><\/a><\/p>\n","protected":false},"excerpt":{"rendered":"<p>Un nouveau site r\u00e9f\u00e9renc\u00e9 sur Annuaire Histoire : Histoire de Rethel (Ardennes) http:\/\/www.villederethel.fr\/ Il para\u00eet probable que sa fondation remonte \u00e0 la fin du premier mill\u00e9naire, vers 940. Les premi\u00e8res habitations se group\u00e8rent autour du ch\u00e2teau, b\u00e2ti par les premiers comtes de RETHEL. Construite sur une hauteur, la butte f\u00e9odale permet de surveiller la Vall\u00e9e &hellip; <\/p>\n<p><a class=\"more-link btn\" href=\"https:\/\/www.charles-de-flahaut.fr\/wordpress\/histoire-de-rethel-ardennes\/\">Lire la suite<\/a><\/p>\n","protected":false},"author":1,"featured_media":0,"comment_status":"open","ping_status":"open","sticky":false,"template":"","format":"standard","meta":{"footnotes":""},"categories":[97,16,8],"tags":[],"class_list":["post-1225","post","type-post","status-publish","format-standard","hentry","category-08-ardennes","category-histoire-regionale","category-patrimoine","item-wrap"],"yoast_head":"<!-- This site is optimized with the Yoast SEO plugin v27.5 - https:\/\/yoast.com\/product\/yoast-seo-wordpress\/ -->\n<title>Histoire de Rethel (Ardennes) - Histoire de France - Communiqu\u00e9s<\/title>\n<meta name=\"description\" content=\"Il para\u00eet probable que sa fondation remonte \u00e0 la fin du premier mill\u00e9naire, vers 940. Les premi\u00e8res habitations se group\u00e8rent\" \/>\n<meta name=\"robots\" content=\"index, follow, max-snippet:-1, max-image-preview:large, max-video-preview:-1\" \/>\n<link rel=\"canonical\" href=\"https:\/\/www.charles-de-flahaut.fr\/wordpress\/histoire-de-rethel-ardennes\/\" \/>\n<meta property=\"og:locale\" content=\"fr_FR\" \/>\n<meta property=\"og:type\" content=\"article\" \/>\n<meta property=\"og:title\" content=\"Histoire de Rethel (Ardennes) - Histoire de France - Communiqu\u00e9s\" \/>\n<meta property=\"og:description\" content=\"Il para\u00eet probable que sa fondation remonte \u00e0 la fin du premier mill\u00e9naire, vers 940. Les premi\u00e8res habitations se group\u00e8rent\" \/>\n<meta property=\"og:url\" content=\"https:\/\/www.charles-de-flahaut.fr\/wordpress\/histoire-de-rethel-ardennes\/\" \/>\n<meta property=\"og:site_name\" content=\"Histoire de France - Communiqu\u00e9s\" \/>\n<meta property=\"article:publisher\" content=\"https:\/\/www.facebook.com\/Sites.HistoiredeFrance\" \/>\n<meta property=\"article:author\" content=\"https:\/\/www.facebook.com\/Sites.HistoiredeFrance\" \/>\n<meta property=\"article:published_time\" content=\"2013-03-13T08:24:41+00:00\" \/>\n<meta property=\"article:modified_time\" content=\"2024-01-19T08:49:02+00:00\" \/>\n<meta property=\"og:image\" content=\"http:\/\/www.charles-de-flahaut.fr\/wordpress\/wp-content\/uploads\/2013\/03\/blason_rethel.jpg\" \/>\n<meta name=\"author\" content=\"administrateur\" \/>\n<meta name=\"twitter:card\" content=\"summary_large_image\" \/>\n<meta name=\"twitter:label1\" content=\"\u00c9crit par\" \/>\n\t<meta name=\"twitter:data1\" content=\"administrateur\" \/>\n\t<meta name=\"twitter:label2\" content=\"Dur\u00e9e de lecture estim\u00e9e\" \/>\n\t<meta name=\"twitter:data2\" content=\"1 minute\" \/>\n<script type=\"application\/ld+json\" class=\"yoast-schema-graph\">{\"@context\":\"https:\\\/\\\/schema.org\",\"@graph\":[{\"@type\":\"Article\",\"@id\":\"https:\\\/\\\/www.charles-de-flahaut.fr\\\/wordpress\\\/histoire-de-rethel-ardennes\\\/#article\",\"isPartOf\":{\"@id\":\"https:\\\/\\\/www.charles-de-flahaut.fr\\\/wordpress\\\/histoire-de-rethel-ardennes\\\/\"},\"author\":{\"name\":\"administrateur\",\"@id\":\"https:\\\/\\\/www.charles-de-flahaut.fr\\\/wordpress\\\/#\\\/schema\\\/person\\\/81011c8b61bc74c05499365a506d49a9\"},\"headline\":\"Histoire de Rethel (Ardennes)\",\"datePublished\":\"2013-03-13T08:24:41+00:00\",\"dateModified\":\"2024-01-19T08:49:02+00:00\",\"mainEntityOfPage\":{\"@id\":\"https:\\\/\\\/www.charles-de-flahaut.fr\\\/wordpress\\\/histoire-de-rethel-ardennes\\\/\"},\"wordCount\":179,\"commentCount\":0,\"publisher\":{\"@id\":\"https:\\\/\\\/www.charles-de-flahaut.fr\\\/wordpress\\\/#\\\/schema\\\/person\\\/81011c8b61bc74c05499365a506d49a9\"},\"image\":{\"@id\":\"https:\\\/\\\/www.charles-de-flahaut.fr\\\/wordpress\\\/histoire-de-rethel-ardennes\\\/#primaryimage\"},\"thumbnailUrl\":\"http:\\\/\\\/www.charles-de-flahaut.fr\\\/wordpress\\\/wp-content\\\/uploads\\\/2013\\\/03\\\/blason_rethel.jpg\",\"articleSection\":[\"08 - Ardennes\",\"histoire locale\",\"patrimoine\"],\"inLanguage\":\"fr-FR\",\"potentialAction\":[{\"@type\":\"CommentAction\",\"name\":\"Comment\",\"target\":[\"https:\\\/\\\/www.charles-de-flahaut.fr\\\/wordpress\\\/histoire-de-rethel-ardennes\\\/#respond\"]}]},{\"@type\":\"WebPage\",\"@id\":\"https:\\\/\\\/www.charles-de-flahaut.fr\\\/wordpress\\\/histoire-de-rethel-ardennes\\\/\",\"url\":\"https:\\\/\\\/www.charles-de-flahaut.fr\\\/wordpress\\\/histoire-de-rethel-ardennes\\\/\",\"name\":\"Histoire de Rethel (Ardennes) - Histoire de France - Communiqu\u00e9s\",\"isPartOf\":{\"@id\":\"https:\\\/\\\/www.charles-de-flahaut.fr\\\/wordpress\\\/#website\"},\"primaryImageOfPage\":{\"@id\":\"https:\\\/\\\/www.charles-de-flahaut.fr\\\/wordpress\\\/histoire-de-rethel-ardennes\\\/#primaryimage\"},\"image\":{\"@id\":\"https:\\\/\\\/www.charles-de-flahaut.fr\\\/wordpress\\\/histoire-de-rethel-ardennes\\\/#primaryimage\"},\"thumbnailUrl\":\"http:\\\/\\\/www.charles-de-flahaut.fr\\\/wordpress\\\/wp-content\\\/uploads\\\/2013\\\/03\\\/blason_rethel.jpg\",\"datePublished\":\"2013-03-13T08:24:41+00:00\",\"dateModified\":\"2024-01-19T08:49:02+00:00\",\"description\":\"Il para\u00eet probable que sa fondation remonte \u00e0 la fin du premier mill\u00e9naire, vers 940. Les premi\u00e8res habitations se group\u00e8rent\",\"breadcrumb\":{\"@id\":\"https:\\\/\\\/www.charles-de-flahaut.fr\\\/wordpress\\\/histoire-de-rethel-ardennes\\\/#breadcrumb\"},\"inLanguage\":\"fr-FR\",\"potentialAction\":[{\"@type\":\"ReadAction\",\"target\":[\"https:\\\/\\\/www.charles-de-flahaut.fr\\\/wordpress\\\/histoire-de-rethel-ardennes\\\/\"]}]},{\"@type\":\"ImageObject\",\"inLanguage\":\"fr-FR\",\"@id\":\"https:\\\/\\\/www.charles-de-flahaut.fr\\\/wordpress\\\/histoire-de-rethel-ardennes\\\/#primaryimage\",\"url\":\"http:\\\/\\\/www.charles-de-flahaut.fr\\\/wordpress\\\/wp-content\\\/uploads\\\/2013\\\/03\\\/blason_rethel.jpg\",\"contentUrl\":\"http:\\\/\\\/www.charles-de-flahaut.fr\\\/wordpress\\\/wp-content\\\/uploads\\\/2013\\\/03\\\/blason_rethel.jpg\"},{\"@type\":\"BreadcrumbList\",\"@id\":\"https:\\\/\\\/www.charles-de-flahaut.fr\\\/wordpress\\\/histoire-de-rethel-ardennes\\\/#breadcrumb\",\"itemListElement\":[{\"@type\":\"ListItem\",\"position\":1,\"name\":\"Accueil\",\"item\":\"https:\\\/\\\/www.charles-de-flahaut.fr\\\/wordpress\\\/\"},{\"@type\":\"ListItem\",\"position\":2,\"name\":\"Histoire de Rethel (Ardennes)\"}]},{\"@type\":\"WebSite\",\"@id\":\"https:\\\/\\\/www.charles-de-flahaut.fr\\\/wordpress\\\/#website\",\"url\":\"https:\\\/\\\/www.charles-de-flahaut.fr\\\/wordpress\\\/\",\"name\":\"Histoire de France - Communiqu\u00e9s\",\"description\":\"Histoire et patrimoine\",\"publisher\":{\"@id\":\"https:\\\/\\\/www.charles-de-flahaut.fr\\\/wordpress\\\/#\\\/schema\\\/person\\\/81011c8b61bc74c05499365a506d49a9\"},\"potentialAction\":[{\"@type\":\"SearchAction\",\"target\":{\"@type\":\"EntryPoint\",\"urlTemplate\":\"https:\\\/\\\/www.charles-de-flahaut.fr\\\/wordpress\\\/?s={search_term_string}\"},\"query-input\":{\"@type\":\"PropertyValueSpecification\",\"valueRequired\":true,\"valueName\":\"search_term_string\"}}],\"inLanguage\":\"fr-FR\"},{\"@type\":[\"Person\",\"Organization\"],\"@id\":\"https:\\\/\\\/www.charles-de-flahaut.fr\\\/wordpress\\\/#\\\/schema\\\/person\\\/81011c8b61bc74c05499365a506d49a9\",\"name\":\"administrateur\",\"logo\":{\"@id\":\"https:\\\/\\\/www.charles-de-flahaut.fr\\\/wordpress\\\/#\\\/schema\\\/person\\\/image\\\/\"},\"sameAs\":[\"http:\\\/\\\/www.charles-de-flahaut.fr\",\"https:\\\/\\\/www.facebook.com\\\/Sites.HistoiredeFrance\"],\"url\":\"https:\\\/\\\/www.charles-de-flahaut.fr\\\/wordpress\\\/author\\\/admin\\\/\"}]}<\/script>\n<!-- \/ Yoast SEO plugin. -->","yoast_head_json":{"title":"Histoire de Rethel (Ardennes) - Histoire de France - Communiqu\u00e9s","description":"Il para\u00eet probable que sa fondation remonte \u00e0 la fin du premier mill\u00e9naire, vers 940. Les premi\u00e8res habitations se group\u00e8rent","robots":{"index":"index","follow":"follow","max-snippet":"max-snippet:-1","max-image-preview":"max-image-preview:large","max-video-preview":"max-video-preview:-1"},"canonical":"https:\/\/www.charles-de-flahaut.fr\/wordpress\/histoire-de-rethel-ardennes\/","og_locale":"fr_FR","og_type":"article","og_title":"Histoire de Rethel (Ardennes) - Histoire de France - Communiqu\u00e9s","og_description":"Il para\u00eet probable que sa fondation remonte \u00e0 la fin du premier mill\u00e9naire, vers 940. Les premi\u00e8res habitations se group\u00e8rent","og_url":"https:\/\/www.charles-de-flahaut.fr\/wordpress\/histoire-de-rethel-ardennes\/","og_site_name":"Histoire de France - Communiqu\u00e9s","article_publisher":"https:\/\/www.facebook.com\/Sites.HistoiredeFrance","article_author":"https:\/\/www.facebook.com\/Sites.HistoiredeFrance","article_published_time":"2013-03-13T08:24:41+00:00","article_modified_time":"2024-01-19T08:49:02+00:00","og_image":[{"url":"http:\/\/www.charles-de-flahaut.fr\/wordpress\/wp-content\/uploads\/2013\/03\/blason_rethel.jpg","type":"","width":"","height":""}],"author":"administrateur","twitter_card":"summary_large_image","twitter_misc":{"\u00c9crit par":"administrateur","Dur\u00e9e de lecture estim\u00e9e":"1 minute"},"schema":{"@context":"https:\/\/schema.org","@graph":[{"@type":"Article","@id":"https:\/\/www.charles-de-flahaut.fr\/wordpress\/histoire-de-rethel-ardennes\/#article","isPartOf":{"@id":"https:\/\/www.charles-de-flahaut.fr\/wordpress\/histoire-de-rethel-ardennes\/"},"author":{"name":"administrateur","@id":"https:\/\/www.charles-de-flahaut.fr\/wordpress\/#\/schema\/person\/81011c8b61bc74c05499365a506d49a9"},"headline":"Histoire de Rethel (Ardennes)","datePublished":"2013-03-13T08:24:41+00:00","dateModified":"2024-01-19T08:49:02+00:00","mainEntityOfPage":{"@id":"https:\/\/www.charles-de-flahaut.fr\/wordpress\/histoire-de-rethel-ardennes\/"},"wordCount":179,"commentCount":0,"publisher":{"@id":"https:\/\/www.charles-de-flahaut.fr\/wordpress\/#\/schema\/person\/81011c8b61bc74c05499365a506d49a9"},"image":{"@id":"https:\/\/www.charles-de-flahaut.fr\/wordpress\/histoire-de-rethel-ardennes\/#primaryimage"},"thumbnailUrl":"http:\/\/www.charles-de-flahaut.fr\/wordpress\/wp-content\/uploads\/2013\/03\/blason_rethel.jpg","articleSection":["08 - Ardennes","histoire locale","patrimoine"],"inLanguage":"fr-FR","potentialAction":[{"@type":"CommentAction","name":"Comment","target":["https:\/\/www.charles-de-flahaut.fr\/wordpress\/histoire-de-rethel-ardennes\/#respond"]}]},{"@type":"WebPage","@id":"https:\/\/www.charles-de-flahaut.fr\/wordpress\/histoire-de-rethel-ardennes\/","url":"https:\/\/www.charles-de-flahaut.fr\/wordpress\/histoire-de-rethel-ardennes\/","name":"Histoire de Rethel (Ardennes) - Histoire de France - Communiqu\u00e9s","isPartOf":{"@id":"https:\/\/www.charles-de-flahaut.fr\/wordpress\/#website"},"primaryImageOfPage":{"@id":"https:\/\/www.charles-de-flahaut.fr\/wordpress\/histoire-de-rethel-ardennes\/#primaryimage"},"image":{"@id":"https:\/\/www.charles-de-flahaut.fr\/wordpress\/histoire-de-rethel-ardennes\/#primaryimage"},"thumbnailUrl":"http:\/\/www.charles-de-flahaut.fr\/wordpress\/wp-content\/uploads\/2013\/03\/blason_rethel.jpg","datePublished":"2013-03-13T08:24:41+00:00","dateModified":"2024-01-19T08:49:02+00:00","description":"Il para\u00eet probable que sa fondation remonte \u00e0 la fin du premier mill\u00e9naire, vers 940. Les premi\u00e8res habitations se group\u00e8rent","breadcrumb":{"@id":"https:\/\/www.charles-de-flahaut.fr\/wordpress\/histoire-de-rethel-ardennes\/#breadcrumb"},"inLanguage":"fr-FR","potentialAction":[{"@type":"ReadAction","target":["https:\/\/www.charles-de-flahaut.fr\/wordpress\/histoire-de-rethel-ardennes\/"]}]},{"@type":"ImageObject","inLanguage":"fr-FR","@id":"https:\/\/www.charles-de-flahaut.fr\/wordpress\/histoire-de-rethel-ardennes\/#primaryimage","url":"http:\/\/www.charles-de-flahaut.fr\/wordpress\/wp-content\/uploads\/2013\/03\/blason_rethel.jpg","contentUrl":"http:\/\/www.charles-de-flahaut.fr\/wordpress\/wp-content\/uploads\/2013\/03\/blason_rethel.jpg"},{"@type":"BreadcrumbList","@id":"https:\/\/www.charles-de-flahaut.fr\/wordpress\/histoire-de-rethel-ardennes\/#breadcrumb","itemListElement":[{"@type":"ListItem","position":1,"name":"Accueil","item":"https:\/\/www.charles-de-flahaut.fr\/wordpress\/"},{"@type":"ListItem","position":2,"name":"Histoire de Rethel (Ardennes)"}]},{"@type":"WebSite","@id":"https:\/\/www.charles-de-flahaut.fr\/wordpress\/#website","url":"https:\/\/www.charles-de-flahaut.fr\/wordpress\/","name":"Histoire de France - Communiqu\u00e9s","description":"Histoire et patrimoine","publisher":{"@id":"https:\/\/www.charles-de-flahaut.fr\/wordpress\/#\/schema\/person\/81011c8b61bc74c05499365a506d49a9"},"potentialAction":[{"@type":"SearchAction","target":{"@type":"EntryPoint","urlTemplate":"https:\/\/www.charles-de-flahaut.fr\/wordpress\/?s={search_term_string}"},"query-input":{"@type":"PropertyValueSpecification","valueRequired":true,"valueName":"search_term_string"}}],"inLanguage":"fr-FR"},{"@type":["Person","Organization"],"@id":"https:\/\/www.charles-de-flahaut.fr\/wordpress\/#\/schema\/person\/81011c8b61bc74c05499365a506d49a9","name":"administrateur","logo":{"@id":"https:\/\/www.charles-de-flahaut.fr\/wordpress\/#\/schema\/person\/image\/"},"sameAs":["http:\/\/www.charles-de-flahaut.fr","https:\/\/www.facebook.com\/Sites.HistoiredeFrance"],"url":"https:\/\/www.charles-de-flahaut.fr\/wordpress\/author\/admin\/"}]}},"views":766,"amp_enabled":true,"_links":{"self":[{"href":"https:\/\/www.charles-de-flahaut.fr\/wordpress\/wp-json\/wp\/v2\/posts\/1225","targetHints":{"allow":["GET"]}}],"collection":[{"href":"https:\/\/www.charles-de-flahaut.fr\/wordpress\/wp-json\/wp\/v2\/posts"}],"about":[{"href":"https:\/\/www.charles-de-flahaut.fr\/wordpress\/wp-json\/wp\/v2\/types\/post"}],"author":[{"embeddable":true,"href":"https:\/\/www.charles-de-flahaut.fr\/wordpress\/wp-json\/wp\/v2\/users\/1"}],"replies":[{"embeddable":true,"href":"https:\/\/www.charles-de-flahaut.fr\/wordpress\/wp-json\/wp\/v2\/comments?post=1225"}],"version-history":[{"count":7,"href":"https:\/\/www.charles-de-flahaut.fr\/wordpress\/wp-json\/wp\/v2\/posts\/1225\/revisions"}],"predecessor-version":[{"id":94880,"href":"https:\/\/www.charles-de-flahaut.fr\/wordpress\/wp-json\/wp\/v2\/posts\/1225\/revisions\/94880"}],"wp:attachment":[{"href":"https:\/\/www.charles-de-flahaut.fr\/wordpress\/wp-json\/wp\/v2\/media?parent=1225"}],"wp:term":[{"taxonomy":"category","embeddable":true,"href":"https:\/\/www.charles-de-flahaut.fr\/wordpress\/wp-json\/wp\/v2\/categories?post=1225"},{"taxonomy":"post_tag","embeddable":true,"href":"https:\/\/www.charles-de-flahaut.fr\/wordpress\/wp-json\/wp\/v2\/tags?post=1225"}],"curies":[{"name":"wp","href":"https:\/\/api.w.org\/{rel}","templated":true}]}}