{"id":1031,"date":"2013-02-28T17:39:36","date_gmt":"2013-02-28T16:39:36","guid":{"rendered":"http:\/\/www.charles-de-flahaut.fr\/wordpress\/?p=1031"},"modified":"2024-01-16T17:33:02","modified_gmt":"2024-01-16T16:33:02","slug":"historique-de-seix-ariege","status":"publish","type":"post","link":"https:\/\/www.charles-de-flahaut.fr\/wordpress\/historique-de-seix-ariege\/","title":{"rendered":"Historique de Seix (Ari\u00e8ge)"},"content":{"rendered":"<p>Un nouveau site r\u00e9f\u00e9renc\u00e9 sur <a href=\"http:\/\/www.histoire-communes.jpflahaut.fr\/\" target=\"_blank\" rel=\"noopener\">Annuaire Histoire<\/a> :<\/p>\n<p><strong>Historique de Seix (Ari\u00e8ge)<\/strong><br \/>\n<a href=\"http:\/\/www.seix.fr\/\/index.php?p=67\" target=\"_blank\" rel=\"noopener\">http:\/\/www.seix.fr\/\/index.php?p=67<\/a><\/p>\n<p style=\"text-align: justify;\"><a href=\"http:\/\/www.charles-de-flahaut.fr\/wordpress\/wp-content\/uploads\/2013\/02\/seix.jpg\"><img loading=\"lazy\" decoding=\"async\" class=\"alignleft size-medium wp-image-1032\" title=\"seix\" src=\"http:\/\/www.charles-de-flahaut.fr\/wordpress\/wp-content\/uploads\/2013\/02\/seix-300x46.jpg\" alt=\"\" width=\"300\" height=\"46\" srcset=\"https:\/\/www.charles-de-flahaut.fr\/wordpress\/wp-content\/uploads\/2013\/02\/seix-300x46.jpg 300w, https:\/\/www.charles-de-flahaut.fr\/wordpress\/wp-content\/uploads\/2013\/02\/seix.jpg 780w\" sizes=\"auto, (max-width: 300px) 100vw, 300px\" \/><\/a>C&rsquo;est un par\u00e9age entre les seigneurs du lieu et le roi Philippe le Hardi qui, peu avant 1280 organisa le bourg de Seix dont le territoire constitua d\u00e8s lors\u00a0 une anomalie historico-g\u00e9ographique puisque devenant une enclave du Languedoc royal au plus profond du comt\u00e9 de Comminges&#8230;<br \/>\n<em>(photo et extrait du site de la commune &#8230; <a href=\"http:\/\/www.seix.fr\/\/index.php?p=67\" target=\"_blank\" rel=\"noopener\">lire la suite<\/a>)<\/em><\/p>\n<p><center><a href=\"https:\/\/amzn.to\/48yyHEc\" target=\"_blank\" rel=\"noopener\"><strong>Ouvrages sur Seix Ari\u00e8ge<\/strong><\/a><\/center><\/p>\n","protected":false},"excerpt":{"rendered":"<p>Un nouveau site r\u00e9f\u00e9renc\u00e9 sur Annuaire Histoire : Historique de Seix (Ari\u00e8ge) http:\/\/www.seix.fr\/\/index.php?p=67 C&rsquo;est un par\u00e9age entre les seigneurs du lieu et le roi Philippe le Hardi qui, peu avant 1280 organisa le bourg de Seix dont le territoire constitua d\u00e8s lors\u00a0 une anomalie historico-g\u00e9ographique puisque devenant une enclave du Languedoc royal au plus profond &hellip; <\/p>\n<p><a class=\"more-link btn\" href=\"https:\/\/www.charles-de-flahaut.fr\/wordpress\/historique-de-seix-ariege\/\">Lire la suite<\/a><\/p>\n","protected":false},"author":1,"featured_media":0,"comment_status":"open","ping_status":"open","sticky":false,"template":"","format":"standard","meta":{"footnotes":""},"categories":[98,16,8],"tags":[],"class_list":["post-1031","post","type-post","status-publish","format-standard","hentry","category-09-ariege","category-histoire-regionale","category-patrimoine","item-wrap"],"yoast_head":"<!-- This site is optimized with the Yoast SEO plugin v27.5 - https:\/\/yoast.com\/product\/yoast-seo-wordpress\/ -->\n<title>Historique de Seix (Ari\u00e8ge) - Histoire de France - Communiqu\u00e9s<\/title>\n<meta name=\"description\" content=\"C&#039;est un par\u00e9age entre les seigneurs du lieu et le roi Philippe le Hardi qui, peu avant 1280 organisa le bourg de Seix\" \/>\n<meta name=\"robots\" content=\"index, follow, max-snippet:-1, max-image-preview:large, max-video-preview:-1\" \/>\n<link rel=\"canonical\" href=\"https:\/\/www.charles-de-flahaut.fr\/wordpress\/historique-de-seix-ariege\/\" \/>\n<meta property=\"og:locale\" content=\"fr_FR\" \/>\n<meta property=\"og:type\" content=\"article\" \/>\n<meta property=\"og:title\" content=\"Historique de Seix (Ari\u00e8ge) - Histoire de France - Communiqu\u00e9s\" \/>\n<meta property=\"og:description\" content=\"C&#039;est un par\u00e9age entre les seigneurs du lieu et le roi Philippe le Hardi qui, peu avant 1280 organisa le bourg de Seix\" \/>\n<meta property=\"og:url\" content=\"https:\/\/www.charles-de-flahaut.fr\/wordpress\/historique-de-seix-ariege\/\" \/>\n<meta property=\"og:site_name\" content=\"Histoire de France - Communiqu\u00e9s\" \/>\n<meta property=\"article:publisher\" content=\"https:\/\/www.facebook.com\/Sites.HistoiredeFrance\" \/>\n<meta property=\"article:author\" content=\"https:\/\/www.facebook.com\/Sites.HistoiredeFrance\" \/>\n<meta property=\"article:published_time\" content=\"2013-02-28T16:39:36+00:00\" \/>\n<meta property=\"article:modified_time\" content=\"2024-01-16T16:33:02+00:00\" \/>\n<meta property=\"og:image\" content=\"http:\/\/www.charles-de-flahaut.fr\/wordpress\/wp-content\/uploads\/2013\/02\/seix-300x46.jpg\" \/>\n<meta name=\"author\" content=\"administrateur\" \/>\n<meta name=\"twitter:card\" content=\"summary_large_image\" \/>\n<meta name=\"twitter:label1\" content=\"\u00c9crit par\" \/>\n\t<meta name=\"twitter:data1\" content=\"administrateur\" \/>\n\t<meta name=\"twitter:label2\" content=\"Dur\u00e9e de lecture estim\u00e9e\" \/>\n\t<meta name=\"twitter:data2\" content=\"1 minute\" \/>\n<script type=\"application\/ld+json\" class=\"yoast-schema-graph\">{\"@context\":\"https:\\\/\\\/schema.org\",\"@graph\":[{\"@type\":\"Article\",\"@id\":\"https:\\\/\\\/www.charles-de-flahaut.fr\\\/wordpress\\\/historique-de-seix-ariege\\\/#article\",\"isPartOf\":{\"@id\":\"https:\\\/\\\/www.charles-de-flahaut.fr\\\/wordpress\\\/historique-de-seix-ariege\\\/\"},\"author\":{\"name\":\"administrateur\",\"@id\":\"https:\\\/\\\/www.charles-de-flahaut.fr\\\/wordpress\\\/#\\\/schema\\\/person\\\/81011c8b61bc74c05499365a506d49a9\"},\"headline\":\"Historique de Seix (Ari\u00e8ge)\",\"datePublished\":\"2013-02-28T16:39:36+00:00\",\"dateModified\":\"2024-01-16T16:33:02+00:00\",\"mainEntityOfPage\":{\"@id\":\"https:\\\/\\\/www.charles-de-flahaut.fr\\\/wordpress\\\/historique-de-seix-ariege\\\/\"},\"wordCount\":91,\"commentCount\":0,\"publisher\":{\"@id\":\"https:\\\/\\\/www.charles-de-flahaut.fr\\\/wordpress\\\/#\\\/schema\\\/person\\\/81011c8b61bc74c05499365a506d49a9\"},\"image\":{\"@id\":\"https:\\\/\\\/www.charles-de-flahaut.fr\\\/wordpress\\\/historique-de-seix-ariege\\\/#primaryimage\"},\"thumbnailUrl\":\"http:\\\/\\\/www.charles-de-flahaut.fr\\\/wordpress\\\/wp-content\\\/uploads\\\/2013\\\/02\\\/seix-300x46.jpg\",\"articleSection\":[\"09 - Ari\u00e8ge\",\"histoire locale\",\"patrimoine\"],\"inLanguage\":\"fr-FR\",\"potentialAction\":[{\"@type\":\"CommentAction\",\"name\":\"Comment\",\"target\":[\"https:\\\/\\\/www.charles-de-flahaut.fr\\\/wordpress\\\/historique-de-seix-ariege\\\/#respond\"]}]},{\"@type\":\"WebPage\",\"@id\":\"https:\\\/\\\/www.charles-de-flahaut.fr\\\/wordpress\\\/historique-de-seix-ariege\\\/\",\"url\":\"https:\\\/\\\/www.charles-de-flahaut.fr\\\/wordpress\\\/historique-de-seix-ariege\\\/\",\"name\":\"Historique de Seix (Ari\u00e8ge) - Histoire de France - Communiqu\u00e9s\",\"isPartOf\":{\"@id\":\"https:\\\/\\\/www.charles-de-flahaut.fr\\\/wordpress\\\/#website\"},\"primaryImageOfPage\":{\"@id\":\"https:\\\/\\\/www.charles-de-flahaut.fr\\\/wordpress\\\/historique-de-seix-ariege\\\/#primaryimage\"},\"image\":{\"@id\":\"https:\\\/\\\/www.charles-de-flahaut.fr\\\/wordpress\\\/historique-de-seix-ariege\\\/#primaryimage\"},\"thumbnailUrl\":\"http:\\\/\\\/www.charles-de-flahaut.fr\\\/wordpress\\\/wp-content\\\/uploads\\\/2013\\\/02\\\/seix-300x46.jpg\",\"datePublished\":\"2013-02-28T16:39:36+00:00\",\"dateModified\":\"2024-01-16T16:33:02+00:00\",\"description\":\"C'est un par\u00e9age entre les seigneurs du lieu et le roi Philippe le Hardi qui, peu avant 1280 organisa le bourg de Seix\",\"breadcrumb\":{\"@id\":\"https:\\\/\\\/www.charles-de-flahaut.fr\\\/wordpress\\\/historique-de-seix-ariege\\\/#breadcrumb\"},\"inLanguage\":\"fr-FR\",\"potentialAction\":[{\"@type\":\"ReadAction\",\"target\":[\"https:\\\/\\\/www.charles-de-flahaut.fr\\\/wordpress\\\/historique-de-seix-ariege\\\/\"]}]},{\"@type\":\"ImageObject\",\"inLanguage\":\"fr-FR\",\"@id\":\"https:\\\/\\\/www.charles-de-flahaut.fr\\\/wordpress\\\/historique-de-seix-ariege\\\/#primaryimage\",\"url\":\"https:\\\/\\\/www.charles-de-flahaut.fr\\\/wordpress\\\/wp-content\\\/uploads\\\/2013\\\/02\\\/seix.jpg\",\"contentUrl\":\"https:\\\/\\\/www.charles-de-flahaut.fr\\\/wordpress\\\/wp-content\\\/uploads\\\/2013\\\/02\\\/seix.jpg\",\"width\":\"780\",\"height\":\"120\"},{\"@type\":\"BreadcrumbList\",\"@id\":\"https:\\\/\\\/www.charles-de-flahaut.fr\\\/wordpress\\\/historique-de-seix-ariege\\\/#breadcrumb\",\"itemListElement\":[{\"@type\":\"ListItem\",\"position\":1,\"name\":\"Accueil\",\"item\":\"https:\\\/\\\/www.charles-de-flahaut.fr\\\/wordpress\\\/\"},{\"@type\":\"ListItem\",\"position\":2,\"name\":\"Historique de Seix (Ari\u00e8ge)\"}]},{\"@type\":\"WebSite\",\"@id\":\"https:\\\/\\\/www.charles-de-flahaut.fr\\\/wordpress\\\/#website\",\"url\":\"https:\\\/\\\/www.charles-de-flahaut.fr\\\/wordpress\\\/\",\"name\":\"Histoire de France - Communiqu\u00e9s\",\"description\":\"Histoire et patrimoine\",\"publisher\":{\"@id\":\"https:\\\/\\\/www.charles-de-flahaut.fr\\\/wordpress\\\/#\\\/schema\\\/person\\\/81011c8b61bc74c05499365a506d49a9\"},\"potentialAction\":[{\"@type\":\"SearchAction\",\"target\":{\"@type\":\"EntryPoint\",\"urlTemplate\":\"https:\\\/\\\/www.charles-de-flahaut.fr\\\/wordpress\\\/?s={search_term_string}\"},\"query-input\":{\"@type\":\"PropertyValueSpecification\",\"valueRequired\":true,\"valueName\":\"search_term_string\"}}],\"inLanguage\":\"fr-FR\"},{\"@type\":[\"Person\",\"Organization\"],\"@id\":\"https:\\\/\\\/www.charles-de-flahaut.fr\\\/wordpress\\\/#\\\/schema\\\/person\\\/81011c8b61bc74c05499365a506d49a9\",\"name\":\"administrateur\",\"logo\":{\"@id\":\"https:\\\/\\\/www.charles-de-flahaut.fr\\\/wordpress\\\/#\\\/schema\\\/person\\\/image\\\/\"},\"sameAs\":[\"http:\\\/\\\/www.charles-de-flahaut.fr\",\"https:\\\/\\\/www.facebook.com\\\/Sites.HistoiredeFrance\"],\"url\":\"https:\\\/\\\/www.charles-de-flahaut.fr\\\/wordpress\\\/author\\\/admin\\\/\"}]}<\/script>\n<!-- \/ Yoast SEO plugin. -->","yoast_head_json":{"title":"Historique de Seix (Ari\u00e8ge) - Histoire de France - Communiqu\u00e9s","description":"C'est un par\u00e9age entre les seigneurs du lieu et le roi Philippe le Hardi qui, peu avant 1280 organisa le bourg de Seix","robots":{"index":"index","follow":"follow","max-snippet":"max-snippet:-1","max-image-preview":"max-image-preview:large","max-video-preview":"max-video-preview:-1"},"canonical":"https:\/\/www.charles-de-flahaut.fr\/wordpress\/historique-de-seix-ariege\/","og_locale":"fr_FR","og_type":"article","og_title":"Historique de Seix (Ari\u00e8ge) - Histoire de France - Communiqu\u00e9s","og_description":"C'est un par\u00e9age entre les seigneurs du lieu et le roi Philippe le Hardi qui, peu avant 1280 organisa le bourg de Seix","og_url":"https:\/\/www.charles-de-flahaut.fr\/wordpress\/historique-de-seix-ariege\/","og_site_name":"Histoire de France - Communiqu\u00e9s","article_publisher":"https:\/\/www.facebook.com\/Sites.HistoiredeFrance","article_author":"https:\/\/www.facebook.com\/Sites.HistoiredeFrance","article_published_time":"2013-02-28T16:39:36+00:00","article_modified_time":"2024-01-16T16:33:02+00:00","og_image":[{"url":"http:\/\/www.charles-de-flahaut.fr\/wordpress\/wp-content\/uploads\/2013\/02\/seix-300x46.jpg","type":"","width":"","height":""}],"author":"administrateur","twitter_card":"summary_large_image","twitter_misc":{"\u00c9crit par":"administrateur","Dur\u00e9e de lecture estim\u00e9e":"1 minute"},"schema":{"@context":"https:\/\/schema.org","@graph":[{"@type":"Article","@id":"https:\/\/www.charles-de-flahaut.fr\/wordpress\/historique-de-seix-ariege\/#article","isPartOf":{"@id":"https:\/\/www.charles-de-flahaut.fr\/wordpress\/historique-de-seix-ariege\/"},"author":{"name":"administrateur","@id":"https:\/\/www.charles-de-flahaut.fr\/wordpress\/#\/schema\/person\/81011c8b61bc74c05499365a506d49a9"},"headline":"Historique de Seix (Ari\u00e8ge)","datePublished":"2013-02-28T16:39:36+00:00","dateModified":"2024-01-16T16:33:02+00:00","mainEntityOfPage":{"@id":"https:\/\/www.charles-de-flahaut.fr\/wordpress\/historique-de-seix-ariege\/"},"wordCount":91,"commentCount":0,"publisher":{"@id":"https:\/\/www.charles-de-flahaut.fr\/wordpress\/#\/schema\/person\/81011c8b61bc74c05499365a506d49a9"},"image":{"@id":"https:\/\/www.charles-de-flahaut.fr\/wordpress\/historique-de-seix-ariege\/#primaryimage"},"thumbnailUrl":"http:\/\/www.charles-de-flahaut.fr\/wordpress\/wp-content\/uploads\/2013\/02\/seix-300x46.jpg","articleSection":["09 - Ari\u00e8ge","histoire locale","patrimoine"],"inLanguage":"fr-FR","potentialAction":[{"@type":"CommentAction","name":"Comment","target":["https:\/\/www.charles-de-flahaut.fr\/wordpress\/historique-de-seix-ariege\/#respond"]}]},{"@type":"WebPage","@id":"https:\/\/www.charles-de-flahaut.fr\/wordpress\/historique-de-seix-ariege\/","url":"https:\/\/www.charles-de-flahaut.fr\/wordpress\/historique-de-seix-ariege\/","name":"Historique de Seix (Ari\u00e8ge) - Histoire de France - Communiqu\u00e9s","isPartOf":{"@id":"https:\/\/www.charles-de-flahaut.fr\/wordpress\/#website"},"primaryImageOfPage":{"@id":"https:\/\/www.charles-de-flahaut.fr\/wordpress\/historique-de-seix-ariege\/#primaryimage"},"image":{"@id":"https:\/\/www.charles-de-flahaut.fr\/wordpress\/historique-de-seix-ariege\/#primaryimage"},"thumbnailUrl":"http:\/\/www.charles-de-flahaut.fr\/wordpress\/wp-content\/uploads\/2013\/02\/seix-300x46.jpg","datePublished":"2013-02-28T16:39:36+00:00","dateModified":"2024-01-16T16:33:02+00:00","description":"C'est un par\u00e9age entre les seigneurs du lieu et le roi Philippe le Hardi qui, peu avant 1280 organisa le bourg de Seix","breadcrumb":{"@id":"https:\/\/www.charles-de-flahaut.fr\/wordpress\/historique-de-seix-ariege\/#breadcrumb"},"inLanguage":"fr-FR","potentialAction":[{"@type":"ReadAction","target":["https:\/\/www.charles-de-flahaut.fr\/wordpress\/historique-de-seix-ariege\/"]}]},{"@type":"ImageObject","inLanguage":"fr-FR","@id":"https:\/\/www.charles-de-flahaut.fr\/wordpress\/historique-de-seix-ariege\/#primaryimage","url":"https:\/\/www.charles-de-flahaut.fr\/wordpress\/wp-content\/uploads\/2013\/02\/seix.jpg","contentUrl":"https:\/\/www.charles-de-flahaut.fr\/wordpress\/wp-content\/uploads\/2013\/02\/seix.jpg","width":"780","height":"120"},{"@type":"BreadcrumbList","@id":"https:\/\/www.charles-de-flahaut.fr\/wordpress\/historique-de-seix-ariege\/#breadcrumb","itemListElement":[{"@type":"ListItem","position":1,"name":"Accueil","item":"https:\/\/www.charles-de-flahaut.fr\/wordpress\/"},{"@type":"ListItem","position":2,"name":"Historique de Seix (Ari\u00e8ge)"}]},{"@type":"WebSite","@id":"https:\/\/www.charles-de-flahaut.fr\/wordpress\/#website","url":"https:\/\/www.charles-de-flahaut.fr\/wordpress\/","name":"Histoire de France - Communiqu\u00e9s","description":"Histoire et patrimoine","publisher":{"@id":"https:\/\/www.charles-de-flahaut.fr\/wordpress\/#\/schema\/person\/81011c8b61bc74c05499365a506d49a9"},"potentialAction":[{"@type":"SearchAction","target":{"@type":"EntryPoint","urlTemplate":"https:\/\/www.charles-de-flahaut.fr\/wordpress\/?s={search_term_string}"},"query-input":{"@type":"PropertyValueSpecification","valueRequired":true,"valueName":"search_term_string"}}],"inLanguage":"fr-FR"},{"@type":["Person","Organization"],"@id":"https:\/\/www.charles-de-flahaut.fr\/wordpress\/#\/schema\/person\/81011c8b61bc74c05499365a506d49a9","name":"administrateur","logo":{"@id":"https:\/\/www.charles-de-flahaut.fr\/wordpress\/#\/schema\/person\/image\/"},"sameAs":["http:\/\/www.charles-de-flahaut.fr","https:\/\/www.facebook.com\/Sites.HistoiredeFrance"],"url":"https:\/\/www.charles-de-flahaut.fr\/wordpress\/author\/admin\/"}]}},"views":446,"amp_enabled":true,"_links":{"self":[{"href":"https:\/\/www.charles-de-flahaut.fr\/wordpress\/wp-json\/wp\/v2\/posts\/1031","targetHints":{"allow":["GET"]}}],"collection":[{"href":"https:\/\/www.charles-de-flahaut.fr\/wordpress\/wp-json\/wp\/v2\/posts"}],"about":[{"href":"https:\/\/www.charles-de-flahaut.fr\/wordpress\/wp-json\/wp\/v2\/types\/post"}],"author":[{"embeddable":true,"href":"https:\/\/www.charles-de-flahaut.fr\/wordpress\/wp-json\/wp\/v2\/users\/1"}],"replies":[{"embeddable":true,"href":"https:\/\/www.charles-de-flahaut.fr\/wordpress\/wp-json\/wp\/v2\/comments?post=1031"}],"version-history":[{"count":7,"href":"https:\/\/www.charles-de-flahaut.fr\/wordpress\/wp-json\/wp\/v2\/posts\/1031\/revisions"}],"predecessor-version":[{"id":94720,"href":"https:\/\/www.charles-de-flahaut.fr\/wordpress\/wp-json\/wp\/v2\/posts\/1031\/revisions\/94720"}],"wp:attachment":[{"href":"https:\/\/www.charles-de-flahaut.fr\/wordpress\/wp-json\/wp\/v2\/media?parent=1031"}],"wp:term":[{"taxonomy":"category","embeddable":true,"href":"https:\/\/www.charles-de-flahaut.fr\/wordpress\/wp-json\/wp\/v2\/categories?post=1031"},{"taxonomy":"post_tag","embeddable":true,"href":"https:\/\/www.charles-de-flahaut.fr\/wordpress\/wp-json\/wp\/v2\/tags?post=1031"}],"curies":[{"name":"wp","href":"https:\/\/api.w.org\/{rel}","templated":true}]}}